{"id":9736,"date":"2025-09-09T14:29:13","date_gmt":"2025-09-09T13:29:13","guid":{"rendered":"https:\/\/juvigo.pt\/revista\/?p=9736"},"modified":"2025-09-22T08:17:36","modified_gmt":"2025-09-22T07:17:36","slug":"entrevista-com-sara-vieira-do-parque-aventura-diverlanhoso","status":"publish","type":"post","link":"https:\/\/juvigo.pt\/revista\/mais-informacoes\/entrevista-com-sara-vieira-do-parque-aventura-diverlanhoso\/","title":{"rendered":"Entrevista com Sara Vieira do Parque Aventura DiverLanhoso"},"content":{"rendered":"\n<p>Na Juvigo adoramos dar a conhecer as pessoas e projetos que tornam os campos de f\u00e9rias uma experi\u00eancia inesquec\u00edvel. Desta vez, tivemos o prazer de conversar com Sara Vieira, parceira da Juvigo e respons\u00e1vel pelo Parque Aventura DiverLanhoso, um espa\u00e7o \u00fanico que combina natureza, desporto e muita aventura.<\/p>\n\n\n\n<div class=\"wp-block-columns is-layout-flex wp-container-core-columns-is-layout-1 wp-block-columns-is-layout-flex\">\n<div class=\"wp-block-column is-layout-flow wp-block-column-is-layout-flow\" style=\"flex-basis:66.66%\">\n<p>Nesta entrevista, a Sara partilha connosco a sua vis\u00e3o sobre o parque, os desafios e alegrias de trabalhar neste setor e o que torna a parceria entre o DiverLanhoso e a Juvigo t\u00e3o especial para crian\u00e7as, jovens e fam\u00edlias.<\/p>\n<\/div>\n\n\n\n<div class=\"wp-block-column is-layout-flow wp-block-column-is-layout-flow\" style=\"flex-basis:33.33%\">\n<figure class=\"wp-block-image size-full is-style-rounded\"><img decoding=\"async\" width=\"622\" height=\"381\" data-src=\"https:\/\/juvigo.pt\/revista\/wp-content\/uploads\/2025\/09\/Screenshot-2025-09-08-at-16.53.10-e1757345174324.png\" alt=\"\" class=\"wp-image-9737 lazyload\" data-srcset=\"https:\/\/juvigo.pt\/revista\/wp-content\/uploads\/2025\/09\/Screenshot-2025-09-08-at-16.53.10-e1757345174324.png 622w, https:\/\/juvigo.pt\/revista\/wp-content\/uploads\/2025\/09\/Screenshot-2025-09-08-at-16.53.10-e1757345174324-300x184.png 300w, https:\/\/juvigo.pt\/revista\/wp-content\/uploads\/2025\/09\/Screenshot-2025-09-08-at-16.53.10-e1757345174324-600x368.png 600w\" data-sizes=\"(max-width: 622px) 100vw, 622px\" src=\"data:image\/gif;base64,R0lGODlhAQABAAAAACH5BAEKAAEALAAAAAABAAEAAAICTAEAOw==\" style=\"--smush-placeholder-width: 622px; --smush-placeholder-aspect-ratio: 622\/381;\" \/><\/figure>\n<\/div>\n<\/div>\n\n\n\n<h2 class=\"wp-block-heading\" id=\"como-surgiu-a-ideia-do-parque-aventura-diverlanhoso-40f400f0-13ad-4448-8a47-883021ce10b9\">Como surgiu a ideia do Parque Aventura DiverLanhoso?<\/h2>\n\n\n\n<p>A ideia do projeto surgiu em 1996.<\/p>\n\n\n\n<p><br>Foi idealizado pelo Jorge Vieira, atual gerente da empresa, que na altura tinha 27 anos, e por uma amigo e colega no curso de Economia e Gest\u00e3o na Invicta. Inicialmente o projeto passava por criar uma pista de &#8220;autocross&#8221; nos arredores de P\u00f3voa de Lanhoso, &#8220;para os amigos e n\u00e3o s\u00f3&#8221;. Algum tempo depois, avan\u00e7aram com um campo de &#8220;paintball&#8221;, ao qual juntaram um circuito de &#8220;kartcross&#8221;, de moto 4 e de &#8220;slide&#8221;. E o Parque foi crescendo at\u00e9 se tornar o que \u00e9 hoje. <\/p>\n\n\n\n<p><br>De momento, realizamos mais de 50 atividades de desporto-aventura, temos 9 bungalows de madeira, uma camarata, um abrigo de montanha, uma zona de campismo, um restaurante\u00a0 panor\u00e2mico e a organiza\u00e7\u00e3o de campos\u00a0 de f\u00e9rias, de\u00a0 team-buildings, entre outros eventos.<\/p>\n\n\n\n<p><\/p>\n\n\n\n<h2 class=\"wp-block-heading\" id=\"o-que-torna-a-diverlanhoso-unica-e-a-distingue-de-outros-campos-de-ferias-c59974e1-8c49-458d-b6be-2646ed90c254\">O que torna a DiverLanhoso \u00fanica e a distingue de outros campos de f\u00e9rias?<\/h2>\n\n\n\n<p>O que nos diferencia dos outros Campos de F\u00e9rias \u00e9 o contacto constante dos nossos participantes com a Natureza, a Aventura e, acima de tudo, com a divers\u00e3o. Incentivamos sempre os participantes a experimentarem todas as atividades e, quando o fazem, ficam sempre muito orgulhosos de conseguir ultrapassar os seus medos e viver novas experi\u00eancias.<\/p>\n\n\n<div id='gallery-1' class='gallery galleryid-9736 gallery-columns-3 gallery-size-trawell-a3'><figure class='gallery-item'>\n\t\t\t<div class='gallery-icon landscape'>\n\t\t\t\t<a data-size=\"{&quot;w&quot;:800,&quot;h&quot;:610}\" href='https:\/\/juvigo.pt\/revista\/wp-content\/uploads\/2025\/09\/campo-ferias-aventura-norte-slide-super-homem.jpg'><img decoding=\"async\" width=\"380\" height=\"214\" data-src=\"https:\/\/juvigo.pt\/revista\/wp-content\/uploads\/2025\/09\/campo-ferias-aventura-norte-slide-super-homem-380x214.jpg\" class=\"attachment-trawell-a3 size-trawell-a3 lazyload\" alt=\"\" data-srcset=\"https:\/\/juvigo.pt\/revista\/wp-content\/uploads\/2025\/09\/campo-ferias-aventura-norte-slide-super-homem-380x214.jpg 380w, https:\/\/juvigo.pt\/revista\/wp-content\/uploads\/2025\/09\/campo-ferias-aventura-norte-slide-super-homem-800x450.jpg 800w, https:\/\/juvigo.pt\/revista\/wp-content\/uploads\/2025\/09\/campo-ferias-aventura-norte-slide-super-homem-585x330.jpg 585w, https:\/\/juvigo.pt\/revista\/wp-content\/uploads\/2025\/09\/campo-ferias-aventura-norte-slide-super-homem-385x217.jpg 385w, https:\/\/juvigo.pt\/revista\/wp-content\/uploads\/2025\/09\/campo-ferias-aventura-norte-slide-super-homem-247x139.jpg 247w, https:\/\/juvigo.pt\/revista\/wp-content\/uploads\/2025\/09\/campo-ferias-aventura-norte-slide-super-homem-278x157.jpg 278w, https:\/\/juvigo.pt\/revista\/wp-content\/uploads\/2025\/09\/campo-ferias-aventura-norte-slide-super-homem-178x101.jpg 178w\" data-sizes=\"(max-width: 380px) 100vw, 380px\" src=\"data:image\/gif;base64,R0lGODlhAQABAAAAACH5BAEKAAEALAAAAAABAAEAAAICTAEAOw==\" style=\"--smush-placeholder-width: 380px; --smush-placeholder-aspect-ratio: 380\/214;\" \/><\/a>\n\t\t\t<\/div><\/figure><figure class='gallery-item'>\n\t\t\t<div class='gallery-icon landscape'>\n\t\t\t\t<a data-size=\"{&quot;w&quot;:800,&quot;h&quot;:800}\" href='https:\/\/juvigo.pt\/revista\/wp-content\/uploads\/2025\/09\/campo-ferias-aventura-norte-bungee-jumping.jpg'><img decoding=\"async\" width=\"380\" height=\"214\" data-src=\"https:\/\/juvigo.pt\/revista\/wp-content\/uploads\/2025\/09\/campo-ferias-aventura-norte-bungee-jumping-380x214.jpg\" class=\"attachment-trawell-a3 size-trawell-a3 lazyload\" alt=\"\" data-srcset=\"https:\/\/juvigo.pt\/revista\/wp-content\/uploads\/2025\/09\/campo-ferias-aventura-norte-bungee-jumping-380x214.jpg 380w, https:\/\/juvigo.pt\/revista\/wp-content\/uploads\/2025\/09\/campo-ferias-aventura-norte-bungee-jumping-800x450.jpg 800w, https:\/\/juvigo.pt\/revista\/wp-content\/uploads\/2025\/09\/campo-ferias-aventura-norte-bungee-jumping-585x330.jpg 585w, https:\/\/juvigo.pt\/revista\/wp-content\/uploads\/2025\/09\/campo-ferias-aventura-norte-bungee-jumping-385x217.jpg 385w, https:\/\/juvigo.pt\/revista\/wp-content\/uploads\/2025\/09\/campo-ferias-aventura-norte-bungee-jumping-247x139.jpg 247w, https:\/\/juvigo.pt\/revista\/wp-content\/uploads\/2025\/09\/campo-ferias-aventura-norte-bungee-jumping-278x157.jpg 278w, https:\/\/juvigo.pt\/revista\/wp-content\/uploads\/2025\/09\/campo-ferias-aventura-norte-bungee-jumping-178x101.jpg 178w\" data-sizes=\"(max-width: 380px) 100vw, 380px\" src=\"data:image\/gif;base64,R0lGODlhAQABAAAAACH5BAEKAAEALAAAAAABAAEAAAICTAEAOw==\" style=\"--smush-placeholder-width: 380px; --smush-placeholder-aspect-ratio: 380\/214;\" \/><\/a>\n\t\t\t<\/div><\/figure><figure class='gallery-item'>\n\t\t\t<div class='gallery-icon landscape'>\n\t\t\t\t<a data-size=\"{&quot;w&quot;:800,&quot;h&quot;:676}\" href='https:\/\/juvigo.pt\/revista\/wp-content\/uploads\/2025\/09\/campo-ferias-aventura-norte-jovens-atividade-aquatica.jpg'><img decoding=\"async\" width=\"380\" height=\"214\" data-src=\"https:\/\/juvigo.pt\/revista\/wp-content\/uploads\/2025\/09\/campo-ferias-aventura-norte-jovens-atividade-aquatica-380x214.jpg\" class=\"attachment-trawell-a3 size-trawell-a3 lazyload\" alt=\"\" data-srcset=\"https:\/\/juvigo.pt\/revista\/wp-content\/uploads\/2025\/09\/campo-ferias-aventura-norte-jovens-atividade-aquatica-380x214.jpg 380w, https:\/\/juvigo.pt\/revista\/wp-content\/uploads\/2025\/09\/campo-ferias-aventura-norte-jovens-atividade-aquatica-800x450.jpg 800w, https:\/\/juvigo.pt\/revista\/wp-content\/uploads\/2025\/09\/campo-ferias-aventura-norte-jovens-atividade-aquatica-585x330.jpg 585w, https:\/\/juvigo.pt\/revista\/wp-content\/uploads\/2025\/09\/campo-ferias-aventura-norte-jovens-atividade-aquatica-385x217.jpg 385w, https:\/\/juvigo.pt\/revista\/wp-content\/uploads\/2025\/09\/campo-ferias-aventura-norte-jovens-atividade-aquatica-247x139.jpg 247w, https:\/\/juvigo.pt\/revista\/wp-content\/uploads\/2025\/09\/campo-ferias-aventura-norte-jovens-atividade-aquatica-278x157.jpg 278w, https:\/\/juvigo.pt\/revista\/wp-content\/uploads\/2025\/09\/campo-ferias-aventura-norte-jovens-atividade-aquatica-178x101.jpg 178w\" data-sizes=\"(max-width: 380px) 100vw, 380px\" src=\"data:image\/gif;base64,R0lGODlhAQABAAAAACH5BAEKAAEALAAAAAABAAEAAAICTAEAOw==\" style=\"--smush-placeholder-width: 380px; --smush-placeholder-aspect-ratio: 380\/214;\" \/><\/a>\n\t\t\t<\/div><\/figure>\n\t\t<\/div>\n\n\n\n<h2 class=\"wp-block-heading\" id=\"na-sua-opiniao-qual-e-o-maior-desafio-que-os-campos-de-ferias-enfrentam-atualmente-e627d34b-92af-4241-a608-01e3dce37430\">Na sua opini\u00e3o, qual \u00e9 o maior desafio que os campos de f\u00e9rias enfrentam atualmente?<\/h2>\n\n\n\n<p>Penso que o mais dif\u00edcil seja fazer com que os participantes consigam sair da sua zona de conforto e &#8216;desligar-se&#8217; dos ecr\u00e3s. <br>Nos nossos Campos de F\u00e9rias, os participantes s\u00f3 t\u00eam acesso ao telefone durante a hora de jantar, de modo a aproveitarem ao m\u00e1ximo todas as experi\u00eancias que est\u00e3o a viver e a conhecer os novos colegas. No entanto, nem sempre esta diretriz \u00e9 bem aceite. Contudo, a partir do segundo ou terceiro dia, j\u00e1 nem se lembram do telem\u00f3vel.<\/p>\n\n\n\n<h2 class=\"wp-block-heading\" id=\"como-e-que-a-diverlanhoso-adapta-os-seus-programas-as-necessidades-dos-jovens-de-hoje-em-dia-bdb3d5ce-cb17-4f55-8648-23d54f71ac23\">Como \u00e9 que a DiverLanhoso adapta os seus programas \u00e0s necessidades dos jovens de hoje em dia?<\/h2>\n\n\n\n<div class=\"wp-block-columns is-layout-flex wp-container-core-columns-is-layout-2 wp-block-columns-is-layout-flex\">\n<div class=\"wp-block-column is-vertically-aligned-center is-layout-flow wp-block-column-is-layout-flow\" style=\"flex-basis:66.66%\">\n<p>A cada nova edi\u00e7\u00e3o procuramos criar novas din\u00e2micas e festas tem\u00e1ticas que v\u00e3o de encontro aos interesses dos participantes, mas sem esquecer a nossa ess\u00eancia do desporto-aventura, que ser\u00e1 sempre a nossa imagem de marca e o motivo que traz muitos jovens at\u00e9 n\u00f3s.\u00a0<\/p>\n<\/div>\n\n\n\n<div class=\"wp-block-column is-layout-flow wp-block-column-is-layout-flow\" style=\"flex-basis:33.33%\">\n<figure class=\"wp-block-image size-full is-style-rounded\"><img decoding=\"async\" width=\"864\" height=\"781\" data-src=\"https:\/\/juvigo.pt\/revista\/wp-content\/uploads\/2025\/09\/485997062_1055907959907723_2485813011116297536_n-1.jpg\" alt=\"\" class=\"wp-image-9766 lazyload\" data-srcset=\"https:\/\/juvigo.pt\/revista\/wp-content\/uploads\/2025\/09\/485997062_1055907959907723_2485813011116297536_n-1.jpg 864w, https:\/\/juvigo.pt\/revista\/wp-content\/uploads\/2025\/09\/485997062_1055907959907723_2485813011116297536_n-1-300x271.jpg 300w, https:\/\/juvigo.pt\/revista\/wp-content\/uploads\/2025\/09\/485997062_1055907959907723_2485813011116297536_n-1-768x694.jpg 768w, https:\/\/juvigo.pt\/revista\/wp-content\/uploads\/2025\/09\/485997062_1055907959907723_2485813011116297536_n-1-600x542.jpg 600w, https:\/\/juvigo.pt\/revista\/wp-content\/uploads\/2025\/09\/485997062_1055907959907723_2485813011116297536_n-1-800x723.jpg 800w\" data-sizes=\"(max-width: 864px) 100vw, 864px\" src=\"data:image\/gif;base64,R0lGODlhAQABAAAAACH5BAEKAAEALAAAAAABAAEAAAICTAEAOw==\" style=\"--smush-placeholder-width: 864px; --smush-placeholder-aspect-ratio: 864\/781;\" \/><\/figure>\n<\/div>\n<\/div>\n\n\n\n<h2 class=\"wp-block-heading\" id=\"como-e-um-dia-tipico-de-trabalho-para-si-no-campo-de-ferias-ed5fac0b-1358-430c-b55e-8c9c0407afa3\">Como \u00e9 um dia t\u00edpico de trabalho para si no campo de f\u00e9rias?<\/h2>\n\n\n\n<p>Nenhum dia \u00e9 igual ao outro!<br>H\u00e1 dias em que estou mais dedicada ao trabalho burocr\u00e1tico e outros dias que fa\u00e7o mais &#8220;trabalho de campo&#8221;. Mas seja na prepara\u00e7\u00e3o ou no decorrer dos campos de f\u00e9rias, sinto sempre um sentido de responsabilidade muito grande. Porque \u00e9 esta prepara\u00e7\u00e3o pr\u00e9via que vai permitir que tudo corra bem e que os nossos participantes possam desfrutar e divertir-se, e depois, no decorrer dos campos de f\u00e9rias, ver que tudo corre bem e o quanto eles se divertem, \u00e9 muito satisfat\u00f3rio.\u00a0<\/p>\n\n\n\n<h2 class=\"wp-block-heading\" id=\"como-descreveria-o-sucesso-do-campo-de-ferias-ate-agora-09f6f865-bf5f-4d50-bae3-1d6851e78e52\">Como descreveria o sucesso do campo de f\u00e9rias at\u00e9 agora?<\/h2>\n\n\n\n<div class=\"wp-block-columns is-layout-flex wp-container-core-columns-is-layout-3 wp-block-columns-is-layout-flex\">\n<div class=\"wp-block-column is-layout-flow wp-block-column-is-layout-flow\" style=\"flex-basis:33.33%\">\n<figure class=\"wp-block-image size-full is-style-rounded\"><img decoding=\"async\" width=\"800\" height=\"676\" data-src=\"https:\/\/juvigo.pt\/revista\/wp-content\/uploads\/2025\/09\/campo-ferias-aventura-norte-jovens-1.jpg\" alt=\"\" class=\"wp-image-9749 lazyload\" data-srcset=\"https:\/\/juvigo.pt\/revista\/wp-content\/uploads\/2025\/09\/campo-ferias-aventura-norte-jovens-1.jpg 800w, https:\/\/juvigo.pt\/revista\/wp-content\/uploads\/2025\/09\/campo-ferias-aventura-norte-jovens-1-300x254.jpg 300w, https:\/\/juvigo.pt\/revista\/wp-content\/uploads\/2025\/09\/campo-ferias-aventura-norte-jovens-1-768x649.jpg 768w, https:\/\/juvigo.pt\/revista\/wp-content\/uploads\/2025\/09\/campo-ferias-aventura-norte-jovens-1-600x507.jpg 600w\" data-sizes=\"(max-width: 800px) 100vw, 800px\" src=\"data:image\/gif;base64,R0lGODlhAQABAAAAACH5BAEKAAEALAAAAAABAAEAAAICTAEAOw==\" style=\"--smush-placeholder-width: 800px; --smush-placeholder-aspect-ratio: 800\/676;\" \/><\/figure>\n<\/div>\n\n\n\n<div class=\"wp-block-column is-vertically-aligned-center is-layout-flow wp-block-column-is-layout-flow\" style=\"flex-basis:66.66%\">\n<p>Acredito que o sucesso se deve \u00e0s experi\u00eancias e momentos positivos que os nossos participantes vivem nos nossos Campos de F\u00e9rias, \u00e9 isso que faz com que queiram regressar ano ap\u00f3s ano, a recomendar aos irm\u00e3os, primos e amigos. E as rela\u00e7\u00f5es de amizade que se criam, n\u00e3o s\u00f3 entre os jovens, mas tamb\u00e9m entre os jovens e a nossa equipa de monitores.\u00a0<\/p>\n<\/div>\n<\/div>\n\n\n\n<h2 class=\"wp-block-heading\" id=\"onde-ve-a-diverlanhoso-daqui-a-5-anos-algum-projeto-em-vista-e9e6b5df-593e-46a4-938f-fa41b31ea62a\">Onde v\u00ea a DiverLanhoso daqui a 5 anos? Algum projeto em vista?<\/h2>\n\n\n\n<p>O nosso objetivo \u00e9 sempre melhorar, seja atrav\u00e9s de melhorias e amplia\u00e7\u00e3o dos servi\u00e7os de que j\u00e1 dispomos, como da cria\u00e7\u00e3o de novas atividades e servi\u00e7os.<\/p>\n\n\n\n<h2 class=\"wp-block-heading\" id=\"o-que-difere-a-parceria-com-a-juvigo-das-demais-a97e7acf-e9bd-4dbe-9046-c230a6fb5502\">O que difere a parceria com a Juvigo das demais?<\/h2>\n\n\n\n<div class=\"wp-block-columns are-vertically-aligned-center is-layout-flex wp-container-core-columns-is-layout-4 wp-block-columns-is-layout-flex\">\n<div class=\"wp-block-column is-vertically-aligned-center is-layout-flow wp-block-column-is-layout-flow\" style=\"flex-basis:66.66%\">\n<p>Grande parte das nossas parcerias s\u00e3o com empresas nacionais, que nos conhecem desde h\u00e1 muitos anos. A parceria com a Juvigo permite-nos chegar a muitos pais e jovens de fora do pa\u00eds, que n\u00e3o conhecem o Parque e que procuram uma experi\u00eancia especial.\u00a0<\/p>\n<\/div>\n\n\n\n<div class=\"wp-block-column is-vertically-aligned-center is-layout-flow wp-block-column-is-layout-flow\" style=\"flex-basis:33.33%\"><div class=\"wp-block-image is-style-default\">\n<figure class=\"alignleft size-full\"><img decoding=\"async\" width=\"590\" height=\"432\" data-src=\"https:\/\/juvigo.pt\/revista\/wp-content\/uploads\/2025\/08\/Organizas-campos-de-ferias-seja-durante-o-dia-ou-com-dormida-ou-viagens-de-grupo-para-o-estrangeiro-Junta-te-a-Juvigo-a-maior-plataforma-da-Europa-para-viagens-de-jovens-e-de-linguas.-Damos-vis-e1754667402325.png\" alt=\"\" class=\"wp-image-9630 lazyload\" data-srcset=\"https:\/\/juvigo.pt\/revista\/wp-content\/uploads\/2025\/08\/Organizas-campos-de-ferias-seja-durante-o-dia-ou-com-dormida-ou-viagens-de-grupo-para-o-estrangeiro-Junta-te-a-Juvigo-a-maior-plataforma-da-Europa-para-viagens-de-jovens-e-de-linguas.-Damos-vis-e1754667402325.png 590w, https:\/\/juvigo.pt\/revista\/wp-content\/uploads\/2025\/08\/Organizas-campos-de-ferias-seja-durante-o-dia-ou-com-dormida-ou-viagens-de-grupo-para-o-estrangeiro-Junta-te-a-Juvigo-a-maior-plataforma-da-Europa-para-viagens-de-jovens-e-de-linguas.-Damos-vis-e1754667402325-300x220.png 300w\" data-sizes=\"(max-width: 590px) 100vw, 590px\" src=\"data:image\/gif;base64,R0lGODlhAQABAAAAACH5BAEKAAEALAAAAAABAAEAAAICTAEAOw==\" style=\"--smush-placeholder-width: 590px; --smush-placeholder-aspect-ratio: 590\/432;\" \/><\/figure><\/div><\/div>\n<\/div>\n\n\n\n<h2 class=\"wp-block-heading\" id=\"algumas-palavras-finais-para-os-nossos-leitores-fcd17aa4-dd9f-4dd9-8290-cd476efc1f78\">Algumas palavras finais para os nossos leitores?<\/h2>\n\n\n\n<p>Gostaria de convidar os jovens a viver uma semana repleta de aventuras e de muitas emo\u00e7\u00f5es nos nossos Campos de F\u00e9rias!<\/p>\n\n\n\n<p>Ou at\u00e9 mesmo virem conhecer o Parque Aventura DiverLanhoso em fam\u00edlia. Para al\u00e9m das atividades de desporto-aventura, o Parque disp\u00f5e tamb\u00e9m de alojamento em bungalows de madeira, um Restaurante Panor\u00e2mico e uma piscina.&nbsp;<\/p>\n","protected":false},"excerpt":{"rendered":"<p>Na Juvigo adoramos dar a conhecer as pessoas e projetos que tornam os campos de f\u00e9rias uma experi\u00eancia inesquec\u00edvel. Desta vez, tivemos o prazer de conversar com Sara Vieira, parceira da Juvigo e respons\u00e1vel pelo Parque Aventura DiverLanhoso, um espa\u00e7o \u00fanico que combina natureza, desporto e muita aventura. Nesta entrevista, a Sara partilha connosco a [&hellip;]<\/p>\n","protected":false},"author":25,"featured_media":9737,"comment_status":"open","ping_status":"closed","sticky":false,"template":"","format":"standard","meta":{"advgb_blocks_editor_width":"","advgb_blocks_columns_visual_guide":"","footnotes":"","_links_to":"","_links_to_target":""},"categories":[38,1],"tags":[],"table_tags":[],"class_list":["post-9736","post","type-post","status-publish","format-standard","has-post-thumbnail","hentry","category-os-nossos-organizadores","category-mais-informacoes"],"yoast_head":"<!-- This site is optimized with the Yoast SEO plugin v24.8.1 - https:\/\/yoast.com\/wordpress\/plugins\/seo\/ -->\n<title>Entrevista com Sara Vieira do Parque Aventura DiverLanhoso - Juvigo Revista<\/title>\n<meta name=\"robots\" content=\"index, follow, max-snippet:-1, max-image-preview:large, max-video-preview:-1\" \/>\n<link rel=\"canonical\" href=\"https:\/\/juvigo.pt\/revista\/mais-informacoes\/entrevista-com-sara-vieira-do-parque-aventura-diverlanhoso\/\" \/>\n<meta property=\"og:locale\" content=\"pt_PT\" \/>\n<meta property=\"og:type\" content=\"article\" \/>\n<meta property=\"og:title\" content=\"Entrevista com Sara Vieira do Parque Aventura DiverLanhoso - Juvigo Revista\" \/>\n<meta property=\"og:description\" content=\"Na Juvigo adoramos dar a conhecer as pessoas e projetos que tornam os campos de f\u00e9rias uma experi\u00eancia inesquec\u00edvel. Desta vez, tivemos o prazer de conversar com Sara Vieira, parceira da Juvigo e respons\u00e1vel pelo Parque Aventura DiverLanhoso, um espa\u00e7o \u00fanico que combina natureza, desporto e muita aventura. Nesta entrevista, a Sara partilha connosco a [&hellip;]\" \/>\n<meta property=\"og:url\" content=\"https:\/\/juvigo.pt\/revista\/mais-informacoes\/entrevista-com-sara-vieira-do-parque-aventura-diverlanhoso\/\" \/>\n<meta property=\"og:site_name\" content=\"Juvigo Revista\" \/>\n<meta property=\"article:publisher\" content=\"https:\/\/de-de.facebook.com\/meinjuvigo\" \/>\n<meta property=\"article:published_time\" content=\"2025-09-09T13:29:13+00:00\" \/>\n<meta property=\"article:modified_time\" content=\"2025-09-22T07:17:36+00:00\" \/>\n<meta property=\"og:image\" content=\"https:\/\/juvigo.pt\/revista\/wp-content\/uploads\/2025\/09\/Screenshot-2025-09-08-at-16.53.10-e1757345174324.png\" \/>\n\t<meta property=\"og:image:width\" content=\"622\" \/>\n\t<meta property=\"og:image:height\" content=\"381\" \/>\n\t<meta property=\"og:image:type\" content=\"image\/png\" \/>\n<meta name=\"author\" content=\"Sara Ven\u00e2ncio\" \/>\n<meta name=\"twitter:card\" content=\"summary_large_image\" \/>\n<meta name=\"twitter:creator\" content=\"@meinjuvigo\" \/>\n<meta name=\"twitter:site\" content=\"@meinjuvigo\" \/>\n<meta name=\"twitter:label1\" content=\"Escrito por\" \/>\n\t<meta name=\"twitter:data1\" content=\"Sara Ven\u00e2ncio\" \/>\n\t<meta name=\"twitter:label2\" content=\"Tempo estimado de leitura\" \/>\n\t<meta name=\"twitter:data2\" content=\"6 minutos\" \/>\n<script type=\"application\/ld+json\" class=\"yoast-schema-graph\">{\"@context\":\"https:\/\/schema.org\",\"@graph\":[{\"@type\":\"Article\",\"@id\":\"https:\/\/juvigo.pt\/revista\/mais-informacoes\/entrevista-com-sara-vieira-do-parque-aventura-diverlanhoso\/#article\",\"isPartOf\":{\"@id\":\"https:\/\/juvigo.pt\/revista\/mais-informacoes\/entrevista-com-sara-vieira-do-parque-aventura-diverlanhoso\/\"},\"author\":{\"name\":\"Sara Ven\u00e2ncio\",\"@id\":\"https:\/\/juvigo.pt\/revista\/#\/schema\/person\/a503e7b8a41608cbd9fa8e682ca34bd6\"},\"headline\":\"Entrevista com Sara Vieira do Parque Aventura DiverLanhoso\",\"datePublished\":\"2025-09-09T13:29:13+00:00\",\"dateModified\":\"2025-09-22T07:17:36+00:00\",\"mainEntityOfPage\":{\"@id\":\"https:\/\/juvigo.pt\/revista\/mais-informacoes\/entrevista-com-sara-vieira-do-parque-aventura-diverlanhoso\/\"},\"wordCount\":839,\"commentCount\":0,\"publisher\":{\"@id\":\"https:\/\/juvigo.pt\/revista\/#organization\"},\"image\":{\"@id\":\"https:\/\/juvigo.pt\/revista\/mais-informacoes\/entrevista-com-sara-vieira-do-parque-aventura-diverlanhoso\/#primaryimage\"},\"thumbnailUrl\":\"https:\/\/juvigo.pt\/revista\/wp-content\/uploads\/2025\/09\/Screenshot-2025-09-08-at-16.53.10-e1757345174324.png\",\"articleSection\":[\"Os nossos organizadores\",\"Mais informa\u00e7\u00f5es\"],\"inLanguage\":\"pt\",\"potentialAction\":[{\"@type\":\"CommentAction\",\"name\":\"Comment\",\"target\":[\"https:\/\/juvigo.pt\/revista\/mais-informacoes\/entrevista-com-sara-vieira-do-parque-aventura-diverlanhoso\/#respond\"]}]},{\"@type\":\"WebPage\",\"@id\":\"https:\/\/juvigo.pt\/revista\/mais-informacoes\/entrevista-com-sara-vieira-do-parque-aventura-diverlanhoso\/\",\"url\":\"https:\/\/juvigo.pt\/revista\/mais-informacoes\/entrevista-com-sara-vieira-do-parque-aventura-diverlanhoso\/\",\"name\":\"Entrevista com Sara Vieira do Parque Aventura DiverLanhoso - Juvigo Revista\",\"isPartOf\":{\"@id\":\"https:\/\/juvigo.pt\/revista\/#website\"},\"primaryImageOfPage\":{\"@id\":\"https:\/\/juvigo.pt\/revista\/mais-informacoes\/entrevista-com-sara-vieira-do-parque-aventura-diverlanhoso\/#primaryimage\"},\"image\":{\"@id\":\"https:\/\/juvigo.pt\/revista\/mais-informacoes\/entrevista-com-sara-vieira-do-parque-aventura-diverlanhoso\/#primaryimage\"},\"thumbnailUrl\":\"https:\/\/juvigo.pt\/revista\/wp-content\/uploads\/2025\/09\/Screenshot-2025-09-08-at-16.53.10-e1757345174324.png\",\"datePublished\":\"2025-09-09T13:29:13+00:00\",\"dateModified\":\"2025-09-22T07:17:36+00:00\",\"breadcrumb\":{\"@id\":\"https:\/\/juvigo.pt\/revista\/mais-informacoes\/entrevista-com-sara-vieira-do-parque-aventura-diverlanhoso\/#breadcrumb\"},\"inLanguage\":\"pt\",\"potentialAction\":[{\"@type\":\"ReadAction\",\"target\":[\"https:\/\/juvigo.pt\/revista\/mais-informacoes\/entrevista-com-sara-vieira-do-parque-aventura-diverlanhoso\/\"]}]},{\"@type\":\"ImageObject\",\"inLanguage\":\"pt\",\"@id\":\"https:\/\/juvigo.pt\/revista\/mais-informacoes\/entrevista-com-sara-vieira-do-parque-aventura-diverlanhoso\/#primaryimage\",\"url\":\"https:\/\/juvigo.pt\/revista\/wp-content\/uploads\/2025\/09\/Screenshot-2025-09-08-at-16.53.10-e1757345174324.png\",\"contentUrl\":\"https:\/\/juvigo.pt\/revista\/wp-content\/uploads\/2025\/09\/Screenshot-2025-09-08-at-16.53.10-e1757345174324.png\",\"width\":622,\"height\":381},{\"@type\":\"BreadcrumbList\",\"@id\":\"https:\/\/juvigo.pt\/revista\/mais-informacoes\/entrevista-com-sara-vieira-do-parque-aventura-diverlanhoso\/#breadcrumb\",\"itemListElement\":[{\"@type\":\"ListItem\",\"position\":1,\"name\":\"Juvigo Revista\",\"item\":\"https:\/\/juvigo.pt\/revista\/\"},{\"@type\":\"ListItem\",\"position\":2,\"name\":\"Mais informa\u00e7\u00f5es\",\"item\":\"https:\/\/juvigo.pt\/revista\/mais-informacoes\/\"},{\"@type\":\"ListItem\",\"position\":3,\"name\":\"Entrevista com Sara Vieira do Parque Aventura DiverLanhoso\"}]},{\"@type\":\"WebSite\",\"@id\":\"https:\/\/juvigo.pt\/revista\/#website\",\"url\":\"https:\/\/juvigo.pt\/revista\/\",\"name\":\"Juvigo Revista\",\"description\":\"A revista Juvigo de Campos de f\u00e9rias, Col\u00f3nias de f\u00e9rias e Cursos de L\u00ednguas\",\"publisher\":{\"@id\":\"https:\/\/juvigo.pt\/revista\/#organization\"},\"potentialAction\":[{\"@type\":\"SearchAction\",\"target\":{\"@type\":\"EntryPoint\",\"urlTemplate\":\"https:\/\/juvigo.pt\/revista\/?s={search_term_string}\"},\"query-input\":{\"@type\":\"PropertyValueSpecification\",\"valueRequired\":true,\"valueName\":\"search_term_string\"}}],\"inLanguage\":\"pt\"},{\"@type\":\"Organization\",\"@id\":\"https:\/\/juvigo.pt\/revista\/#organization\",\"name\":\"Juvigo GmbH\",\"url\":\"https:\/\/juvigo.pt\/revista\/\",\"logo\":{\"@type\":\"ImageObject\",\"inLanguage\":\"pt\",\"@id\":\"https:\/\/juvigo.pt\/revista\/#\/schema\/logo\/image\/\",\"url\":\"https:\/\/juvigo.es\/revista\/wp-content\/uploads\/2022\/02\/magazine_logo_scaled.png\",\"contentUrl\":\"https:\/\/juvigo.es\/revista\/wp-content\/uploads\/2022\/02\/magazine_logo_scaled.png\",\"width\":240,\"height\":100,\"caption\":\"Juvigo GmbH\"},\"image\":{\"@id\":\"https:\/\/juvigo.pt\/revista\/#\/schema\/logo\/image\/\"},\"sameAs\":[\"https:\/\/de-de.facebook.com\/meinjuvigo\",\"https:\/\/x.com\/meinjuvigo\",\"http:\/\/instagram.com\/juvigo_de\/\"]},{\"@type\":\"Person\",\"@id\":\"https:\/\/juvigo.pt\/revista\/#\/schema\/person\/a503e7b8a41608cbd9fa8e682ca34bd6\",\"name\":\"Sara Ven\u00e2ncio\",\"image\":{\"@type\":\"ImageObject\",\"inLanguage\":\"pt\",\"@id\":\"https:\/\/juvigo.pt\/revista\/#\/schema\/person\/image\/\",\"url\":\"https:\/\/juvigo.pt\/revista\/wp-content\/uploads\/2019\/02\/favicon.ico\",\"contentUrl\":\"https:\/\/juvigo.pt\/revista\/wp-content\/uploads\/2019\/02\/favicon.ico\",\"caption\":\"Sara Ven\u00e2ncio\"},\"url\":\"https:\/\/juvigo.pt\/revista\/author\/sara\/\"}]}<\/script>\n<!-- \/ Yoast SEO plugin. -->","yoast_head_json":{"title":"Entrevista com Sara Vieira do Parque Aventura DiverLanhoso - Juvigo Revista","robots":{"index":"index","follow":"follow","max-snippet":"max-snippet:-1","max-image-preview":"max-image-preview:large","max-video-preview":"max-video-preview:-1"},"canonical":"https:\/\/juvigo.pt\/revista\/mais-informacoes\/entrevista-com-sara-vieira-do-parque-aventura-diverlanhoso\/","og_locale":"pt_PT","og_type":"article","og_title":"Entrevista com Sara Vieira do Parque Aventura DiverLanhoso - Juvigo Revista","og_description":"Na Juvigo adoramos dar a conhecer as pessoas e projetos que tornam os campos de f\u00e9rias uma experi\u00eancia inesquec\u00edvel. Desta vez, tivemos o prazer de conversar com Sara Vieira, parceira da Juvigo e respons\u00e1vel pelo Parque Aventura DiverLanhoso, um espa\u00e7o \u00fanico que combina natureza, desporto e muita aventura. Nesta entrevista, a Sara partilha connosco a [&hellip;]","og_url":"https:\/\/juvigo.pt\/revista\/mais-informacoes\/entrevista-com-sara-vieira-do-parque-aventura-diverlanhoso\/","og_site_name":"Juvigo Revista","article_publisher":"https:\/\/de-de.facebook.com\/meinjuvigo","article_published_time":"2025-09-09T13:29:13+00:00","article_modified_time":"2025-09-22T07:17:36+00:00","og_image":[{"width":622,"height":381,"url":"https:\/\/juvigo.pt\/revista\/wp-content\/uploads\/2025\/09\/Screenshot-2025-09-08-at-16.53.10-e1757345174324.png","type":"image\/png"}],"author":"Sara Ven\u00e2ncio","twitter_card":"summary_large_image","twitter_creator":"@meinjuvigo","twitter_site":"@meinjuvigo","twitter_misc":{"Escrito por":"Sara Ven\u00e2ncio","Tempo estimado de leitura":"6 minutos"},"schema":{"@context":"https:\/\/schema.org","@graph":[{"@type":"Article","@id":"https:\/\/juvigo.pt\/revista\/mais-informacoes\/entrevista-com-sara-vieira-do-parque-aventura-diverlanhoso\/#article","isPartOf":{"@id":"https:\/\/juvigo.pt\/revista\/mais-informacoes\/entrevista-com-sara-vieira-do-parque-aventura-diverlanhoso\/"},"author":{"name":"Sara Ven\u00e2ncio","@id":"https:\/\/juvigo.pt\/revista\/#\/schema\/person\/a503e7b8a41608cbd9fa8e682ca34bd6"},"headline":"Entrevista com Sara Vieira do Parque Aventura DiverLanhoso","datePublished":"2025-09-09T13:29:13+00:00","dateModified":"2025-09-22T07:17:36+00:00","mainEntityOfPage":{"@id":"https:\/\/juvigo.pt\/revista\/mais-informacoes\/entrevista-com-sara-vieira-do-parque-aventura-diverlanhoso\/"},"wordCount":839,"commentCount":0,"publisher":{"@id":"https:\/\/juvigo.pt\/revista\/#organization"},"image":{"@id":"https:\/\/juvigo.pt\/revista\/mais-informacoes\/entrevista-com-sara-vieira-do-parque-aventura-diverlanhoso\/#primaryimage"},"thumbnailUrl":"https:\/\/juvigo.pt\/revista\/wp-content\/uploads\/2025\/09\/Screenshot-2025-09-08-at-16.53.10-e1757345174324.png","articleSection":["Os nossos organizadores","Mais informa\u00e7\u00f5es"],"inLanguage":"pt","potentialAction":[{"@type":"CommentAction","name":"Comment","target":["https:\/\/juvigo.pt\/revista\/mais-informacoes\/entrevista-com-sara-vieira-do-parque-aventura-diverlanhoso\/#respond"]}]},{"@type":"WebPage","@id":"https:\/\/juvigo.pt\/revista\/mais-informacoes\/entrevista-com-sara-vieira-do-parque-aventura-diverlanhoso\/","url":"https:\/\/juvigo.pt\/revista\/mais-informacoes\/entrevista-com-sara-vieira-do-parque-aventura-diverlanhoso\/","name":"Entrevista com Sara Vieira do Parque Aventura DiverLanhoso - Juvigo Revista","isPartOf":{"@id":"https:\/\/juvigo.pt\/revista\/#website"},"primaryImageOfPage":{"@id":"https:\/\/juvigo.pt\/revista\/mais-informacoes\/entrevista-com-sara-vieira-do-parque-aventura-diverlanhoso\/#primaryimage"},"image":{"@id":"https:\/\/juvigo.pt\/revista\/mais-informacoes\/entrevista-com-sara-vieira-do-parque-aventura-diverlanhoso\/#primaryimage"},"thumbnailUrl":"https:\/\/juvigo.pt\/revista\/wp-content\/uploads\/2025\/09\/Screenshot-2025-09-08-at-16.53.10-e1757345174324.png","datePublished":"2025-09-09T13:29:13+00:00","dateModified":"2025-09-22T07:17:36+00:00","breadcrumb":{"@id":"https:\/\/juvigo.pt\/revista\/mais-informacoes\/entrevista-com-sara-vieira-do-parque-aventura-diverlanhoso\/#breadcrumb"},"inLanguage":"pt","potentialAction":[{"@type":"ReadAction","target":["https:\/\/juvigo.pt\/revista\/mais-informacoes\/entrevista-com-sara-vieira-do-parque-aventura-diverlanhoso\/"]}]},{"@type":"ImageObject","inLanguage":"pt","@id":"https:\/\/juvigo.pt\/revista\/mais-informacoes\/entrevista-com-sara-vieira-do-parque-aventura-diverlanhoso\/#primaryimage","url":"https:\/\/juvigo.pt\/revista\/wp-content\/uploads\/2025\/09\/Screenshot-2025-09-08-at-16.53.10-e1757345174324.png","contentUrl":"https:\/\/juvigo.pt\/revista\/wp-content\/uploads\/2025\/09\/Screenshot-2025-09-08-at-16.53.10-e1757345174324.png","width":622,"height":381},{"@type":"BreadcrumbList","@id":"https:\/\/juvigo.pt\/revista\/mais-informacoes\/entrevista-com-sara-vieira-do-parque-aventura-diverlanhoso\/#breadcrumb","itemListElement":[{"@type":"ListItem","position":1,"name":"Juvigo Revista","item":"https:\/\/juvigo.pt\/revista\/"},{"@type":"ListItem","position":2,"name":"Mais informa\u00e7\u00f5es","item":"https:\/\/juvigo.pt\/revista\/mais-informacoes\/"},{"@type":"ListItem","position":3,"name":"Entrevista com Sara Vieira do Parque Aventura DiverLanhoso"}]},{"@type":"WebSite","@id":"https:\/\/juvigo.pt\/revista\/#website","url":"https:\/\/juvigo.pt\/revista\/","name":"Juvigo Revista","description":"A revista Juvigo de Campos de f\u00e9rias, Col\u00f3nias de f\u00e9rias e Cursos de L\u00ednguas","publisher":{"@id":"https:\/\/juvigo.pt\/revista\/#organization"},"potentialAction":[{"@type":"SearchAction","target":{"@type":"EntryPoint","urlTemplate":"https:\/\/juvigo.pt\/revista\/?s={search_term_string}"},"query-input":{"@type":"PropertyValueSpecification","valueRequired":true,"valueName":"search_term_string"}}],"inLanguage":"pt"},{"@type":"Organization","@id":"https:\/\/juvigo.pt\/revista\/#organization","name":"Juvigo GmbH","url":"https:\/\/juvigo.pt\/revista\/","logo":{"@type":"ImageObject","inLanguage":"pt","@id":"https:\/\/juvigo.pt\/revista\/#\/schema\/logo\/image\/","url":"https:\/\/juvigo.es\/revista\/wp-content\/uploads\/2022\/02\/magazine_logo_scaled.png","contentUrl":"https:\/\/juvigo.es\/revista\/wp-content\/uploads\/2022\/02\/magazine_logo_scaled.png","width":240,"height":100,"caption":"Juvigo GmbH"},"image":{"@id":"https:\/\/juvigo.pt\/revista\/#\/schema\/logo\/image\/"},"sameAs":["https:\/\/de-de.facebook.com\/meinjuvigo","https:\/\/x.com\/meinjuvigo","http:\/\/instagram.com\/juvigo_de\/"]},{"@type":"Person","@id":"https:\/\/juvigo.pt\/revista\/#\/schema\/person\/a503e7b8a41608cbd9fa8e682ca34bd6","name":"Sara Ven\u00e2ncio","image":{"@type":"ImageObject","inLanguage":"pt","@id":"https:\/\/juvigo.pt\/revista\/#\/schema\/person\/image\/","url":"https:\/\/juvigo.pt\/revista\/wp-content\/uploads\/2019\/02\/favicon.ico","contentUrl":"https:\/\/juvigo.pt\/revista\/wp-content\/uploads\/2019\/02\/favicon.ico","caption":"Sara Ven\u00e2ncio"},"url":"https:\/\/juvigo.pt\/revista\/author\/sara\/"}]}},"author_meta":{"display_name":"Sara Ven\u00e2ncio","author_link":"https:\/\/juvigo.pt\/revista\/author\/sara\/"},"featured_img":"https:\/\/juvigo.pt\/revista\/wp-content\/uploads\/2025\/09\/Screenshot-2025-09-08-at-16.53.10-e1757345174324-300x184.png","wps_subtitle":"","coauthors":[],"tax_additional":{"categories":{"linked":["<a href=\"https:\/\/juvigo.pt\/revista\/entrevistas\/os-nossos-organizadores\/\" class=\"advgb-post-tax-term\">Os nossos organizadores<\/a>","<a href=\"https:\/\/juvigo.pt\/revista\/mais-informacoes\/\" class=\"advgb-post-tax-term\">Mais informa\u00e7\u00f5es<\/a>"],"unlinked":["<span class=\"advgb-post-tax-term\">Os nossos organizadores<\/span>","<span class=\"advgb-post-tax-term\">Mais informa\u00e7\u00f5es<\/span>"]}},"comment_count":"0","relative_dates":{"created":"Posted 8 meses ago","modified":"Updated 7 meses ago"},"absolute_dates":{"created":"Posted on 09.09.2025","modified":"Updated on 22.09.2025"},"absolute_dates_time":{"created":"Posted on 09.09.2025 14:29","modified":"Updated on 22.09.2025 08:17"},"featured_img_caption":"","series_order":"","_links":{"self":[{"href":"https:\/\/juvigo.pt\/revista\/wp-json\/wp\/v2\/posts\/9736","targetHints":{"allow":["GET"]}}],"collection":[{"href":"https:\/\/juvigo.pt\/revista\/wp-json\/wp\/v2\/posts"}],"about":[{"href":"https:\/\/juvigo.pt\/revista\/wp-json\/wp\/v2\/types\/post"}],"author":[{"embeddable":true,"href":"https:\/\/juvigo.pt\/revista\/wp-json\/wp\/v2\/users\/25"}],"replies":[{"embeddable":true,"href":"https:\/\/juvigo.pt\/revista\/wp-json\/wp\/v2\/comments?post=9736"}],"version-history":[{"count":24,"href":"https:\/\/juvigo.pt\/revista\/wp-json\/wp\/v2\/posts\/9736\/revisions"}],"predecessor-version":[{"id":9771,"href":"https:\/\/juvigo.pt\/revista\/wp-json\/wp\/v2\/posts\/9736\/revisions\/9771"}],"wp:featuredmedia":[{"embeddable":true,"href":"https:\/\/juvigo.pt\/revista\/wp-json\/wp\/v2\/media\/9737"}],"wp:attachment":[{"href":"https:\/\/juvigo.pt\/revista\/wp-json\/wp\/v2\/media?parent=9736"}],"wp:term":[{"taxonomy":"category","embeddable":true,"href":"https:\/\/juvigo.pt\/revista\/wp-json\/wp\/v2\/categories?post=9736"},{"taxonomy":"post_tag","embeddable":true,"href":"https:\/\/juvigo.pt\/revista\/wp-json\/wp\/v2\/tags?post=9736"},{"taxonomy":"table_tags","embeddable":true,"href":"https:\/\/juvigo.pt\/revista\/wp-json\/wp\/v2\/table_tags?post=9736"}],"curies":[{"name":"wp","href":"https:\/\/api.w.org\/{rel}","templated":true}]}}