{"id":9700,"date":"2025-09-09T14:30:00","date_gmt":"2025-09-09T13:30:00","guid":{"rendered":"https:\/\/juvigo.pt\/revista\/?p=9700"},"modified":"2025-09-09T14:30:03","modified_gmt":"2025-09-09T13:30:03","slug":"entrevista-a-nossa-colega-joana","status":"publish","type":"post","link":"https:\/\/juvigo.pt\/revista\/entrevistas\/entrevista-a-nossa-colega-joana\/","title":{"rendered":"Entrevista \u00e0 nossa colega Joana"},"content":{"rendered":"\n<p>Na Juvigo, valorizamos o trabalho em equipa, a aprendizagem cont\u00ednua e o prazer do dia a dia. Hoje queremos reconhecer o trabalho da Joana, que fez parte da equipa Ib\u00e9rica e foi nossa colega no mercado de Portugal.<\/p>\n\n\n\n<p>A Joana terminou a sua etapa connosco a 28 de fevereiro de 2025, deixando uma marca tanto a n\u00edvel profissional como pessoal. O seu compromisso e dedica\u00e7\u00e3o refletem os valores da Juvigo, e desejamos-lhe sucesso nos seus futuros projetos. Obrigado por fazeres parte da nossa equipa, Joana!<\/p>\n\n\n\n<p>Vamos sentir a tua falta!<\/p>\n\n\n\n<h2 class=\"wp-block-heading\" id=\"podes-apresentarte-ecaf1d4d-a530-4f27-b156-a3370d26e7b9\">Podes apresentar-te?<\/h2>\n\n\n\n<div class=\"wp-block-columns is-layout-flex wp-container-core-columns-is-layout-1 wp-block-columns-is-layout-flex\">\n<div class=\"wp-block-column is-layout-flow wp-block-column-is-layout-flow\" style=\"flex-basis:33.33%\">\n<figure class=\"wp-block-image size-full is-style-rounded\"><img decoding=\"async\" width=\"276\" height=\"276\" data-src=\"https:\/\/juvigo.pt\/revista\/wp-content\/uploads\/2024\/10\/Joana-Vargas.jpg\" alt=\"\" class=\"wp-image-8950 lazyload\" data-srcset=\"https:\/\/juvigo.pt\/revista\/wp-content\/uploads\/2024\/10\/Joana-Vargas.jpg 276w, https:\/\/juvigo.pt\/revista\/wp-content\/uploads\/2024\/10\/Joana-Vargas-150x150.jpg 150w, https:\/\/juvigo.pt\/revista\/wp-content\/uploads\/2024\/10\/Joana-Vargas-60x60.jpg 60w, https:\/\/juvigo.pt\/revista\/wp-content\/uploads\/2024\/10\/Joana-Vargas-247x247.jpg 247w\" data-sizes=\"(max-width: 276px) 100vw, 276px\" src=\"data:image\/gif;base64,R0lGODlhAQABAAAAACH5BAEKAAEALAAAAAABAAEAAAICTAEAOw==\" style=\"--smush-placeholder-width: 276px; --smush-placeholder-aspect-ratio: 276\/276;\" \/><\/figure>\n<\/div>\n\n\n\n<div class=\"wp-block-column is-vertically-aligned-center is-layout-flow wp-block-column-is-layout-flow\" style=\"flex-basis:66.66%\">\n<p>O meu nome \u00e9 Joana, tenho 23 anos e trabalhei como Content Marketing and Communication Intern para Portugal, no mercado Ib\u00e9rico da Juvigo.<\/p>\n\n\n\n<p>Sou estudante na Universidade de Aveiro, onde atualmente frequento o Mestrado em Marketing.<\/p>\n<\/div>\n<\/div>\n\n\n\n<h2 class=\"wp-block-heading\" id=\"como-chegaste-a-juvigo-db2320e1-ec92-445a-a112-d06f3647b515\">Como chegaste \u00e0 Juvigo?<\/h2>\n\n\n\n<p>De avi\u00e3o! Estou a brincar \ud83d\ude42<\/p>\n\n\n\n<p>Estava \u00e0 procura de uma oportunidade de est\u00e1gio na Europa como parte do meu mestrado, especificamente na Alemanha. Enquanto explorava diferentes op\u00e7\u00f5es, encontrei a Juvigo no LinkedIn.<\/p>\n\n\n\n<p>Curiosamente, j\u00e1 conhecia a empresa desde 2022, por isso decidi candidatar-me \u00e0 posi\u00e7\u00e3o para o mercado portugu\u00eas. O processo de sele\u00e7\u00e3o foi r\u00e1pido e fiquei muito entusiasmada quando recebi a proposta. Senti que era a oportunidade perfeita para come\u00e7ar um novo cap\u00edtulo numa cidade t\u00e3o vibrante.<\/p>\n\n\n\n<p><\/p>\n\n\n\n<h2 class=\"wp-block-heading\" id=\"quais-foram-exatamente-as-tuas-tarefas-na-juvigo-que-responsabilidades-tinhas-dentro-da-tua-equipa-fada2bb8-02b6-4b2b-afd6-b63fda456d0b\">Quais foram exatamente as tuas tarefas na Juvigo? Que responsabilidades tinhas dentro da tua equipa?<\/h2>\n\n\n\n<p>O meu papel na Juvigo foi bastante variado!<\/p>\n\n\n\n<div class=\"wp-block-columns are-vertically-aligned-center is-layout-flex wp-container-core-columns-is-layout-2 wp-block-columns-is-layout-flex\">\n<div class=\"wp-block-column is-vertically-aligned-center is-layout-flow wp-block-column-is-layout-flow\">\n<p>A nossa principal prioridade \u00e9 o atendimento ao cliente, seguida da atualiza\u00e7\u00e3o e cria\u00e7\u00e3o de campos de f\u00e9rias, otimiza\u00e7\u00e3o de SEO, redes sociais e marketing digital.<\/p>\n\n\n\n<p>Dado que o meu est\u00e1gio decorreu durante a \u00e9poca baixa, trabalhei bastante em SEO, incluindo investiga\u00e7\u00e3o de palavras-chave, reda\u00e7\u00e3o de artigos para a revista e produ\u00e7\u00e3o de perguntas frequentes (FAQ\u2019s).<\/p>\n\n\n\n<p>Tamb\u00e9m criei muitas newsletters, o que foi uma \u00f3tima experi\u00eancia de aprendizagem.<\/p>\n<\/div>\n\n\n\n<div class=\"wp-block-column is-vertically-aligned-center is-layout-flow wp-block-column-is-layout-flow\">\n<figure class=\"wp-block-image size-full\"><img decoding=\"async\" width=\"719\" height=\"576\" data-src=\"https:\/\/juvigo.pt\/revista\/wp-content\/uploads\/2025\/09\/image-1.png\" alt=\"\" class=\"wp-image-9709 lazyload\" data-srcset=\"https:\/\/juvigo.pt\/revista\/wp-content\/uploads\/2025\/09\/image-1.png 719w, https:\/\/juvigo.pt\/revista\/wp-content\/uploads\/2025\/09\/image-1-300x240.png 300w, https:\/\/juvigo.pt\/revista\/wp-content\/uploads\/2025\/09\/image-1-600x481.png 600w\" data-sizes=\"(max-width: 719px) 100vw, 719px\" src=\"data:image\/gif;base64,R0lGODlhAQABAAAAACH5BAEKAAEALAAAAAABAAEAAAICTAEAOw==\" style=\"--smush-placeholder-width: 719px; --smush-placeholder-aspect-ratio: 719\/576;\" \/><\/figure>\n<\/div>\n<\/div>\n\n\n\n<p>No que diz respeito \u00e0s redes sociais, tive mais liberdade criativa, por isso foquei-me em tornar as nossas contas mais atrativas, interativas e din\u00e2micas dentro do tempo que tive. Foi uma experi\u00eancia desafiante e enriquecedora contribuir para a presen\u00e7a online da Juvigo.<\/p>\n\n\n\n<p><\/p>\n\n\n\n<h2 class=\"wp-block-heading\" id=\"como-era-um-dia-tipico-de-trabalho-para-ti-9528d6a0-2bf9-410a-9409-10c3b516e063\">Como era um dia t\u00edpico de trabalho para ti?<\/h2>\n\n\n\n<p>Costumava chegar ao escrit\u00f3rio um pouco antes das 9 da manh\u00e3. A primeira coisa que fazia era responder a todos os e-mails, mensagens e chamadas de apoio ao cliente, j\u00e1 que essa \u00e9 a nossa maior prioridade.<\/p>\n\n\n\n<p>Depois, seguia a minha agenda do dia. Como tinha muitas tarefas para gerir, criei um hor\u00e1rio semanal para me manter organizada e produtiva, deixando tamb\u00e9m espa\u00e7o para tarefas imprevistas. A gest\u00e3o do tempo \u00e9 fundamental!<\/p>\n\n\n\n<p>Por volta das 13h37, fazia uma pausa para almo\u00e7ar com a equipa Ib\u00e9rica. Era sempre um momento agrad\u00e1vel durante a nossa meia hora de intervalo. Depois do almo\u00e7o, retomava o trabalho e, geralmente, terminava entre as 17h00 e as 17h30, consoante as tarefas pendentes do dia.<\/p>\n\n\n\n<h2 class=\"wp-block-heading\" id=\"o-que-e-que-mais-gostavas-no-teu-trabalho-d36dc318-e180-46b6-8e10-ab875ee426a3\">O que \u00e9 que mais gostavas no teu trabalho?<\/h2>\n\n\n\n<p>Gostei muito da flexibilidade nos hor\u00e1rios!<\/p>\n\n\n\n<ol class=\"wp-block-list\">\n<li>Desde que haja uma boa comunica\u00e7\u00e3o com o Miguel, o nosso Country Manager do mercado Ib\u00e9rico, podes ajustar o teu hor\u00e1rio de acordo com as tuas prefer\u00eancias pessoais, sejas uma pessoa madrugadora ou n\u00e3o.<\/li>\n\n\n\n<li>Outro aspeto que destaco \u00e9 o feedback constante, que me ajudou a crescer ao longo do meu est\u00e1gio.<\/li>\n\n\n\n<li>No que diz respeito \u00e0s tarefas, gostei especialmente de tudo o que estava relacionado com marketing, j\u00e1 que \u00e9 a minha principal \u00e1rea de interesse.<\/li>\n<\/ol>\n\n\n\n<div class=\"wp-block-columns is-layout-flex wp-container-core-columns-is-layout-3 wp-block-columns-is-layout-flex\">\n<div class=\"wp-block-column is-layout-flow wp-block-column-is-layout-flow\">\n<p>4. Mas, acima de tudo, foram as pessoas que conheci na Juvigo que fizeram com que cada dia de trabalho fosse especial. O ambiente positivo da equipa teve um papel fundamental na minha experi\u00eancia! (Men\u00e7\u00e3o especial ao S\u00e9rgio e \u00e0 Graciela).<\/p>\n<\/div>\n\n\n\n<div class=\"wp-block-column is-layout-flow wp-block-column-is-layout-flow\">\n<figure class=\"wp-block-image size-large is-resized\"><img decoding=\"async\" width=\"1024\" height=\"529\" data-src=\"https:\/\/juvigo.pt\/revista\/wp-content\/uploads\/2025\/09\/1743429561373-1-e1756969142174-1024x529.jpg\" alt=\"\" class=\"wp-image-9712 lazyload\" style=\"--smush-placeholder-width: 1024px; --smush-placeholder-aspect-ratio: 1024\/529;width:339px;height:auto\" data-srcset=\"https:\/\/juvigo.pt\/revista\/wp-content\/uploads\/2025\/09\/1743429561373-1-e1756969142174-1024x529.jpg 1024w, https:\/\/juvigo.pt\/revista\/wp-content\/uploads\/2025\/09\/1743429561373-1-e1756969142174-300x155.jpg 300w, https:\/\/juvigo.pt\/revista\/wp-content\/uploads\/2025\/09\/1743429561373-1-e1756969142174-768x397.jpg 768w, https:\/\/juvigo.pt\/revista\/wp-content\/uploads\/2025\/09\/1743429561373-1-e1756969142174-1536x794.jpg 1536w, https:\/\/juvigo.pt\/revista\/wp-content\/uploads\/2025\/09\/1743429561373-1-e1756969142174-1920x992.jpg 1920w, https:\/\/juvigo.pt\/revista\/wp-content\/uploads\/2025\/09\/1743429561373-1-e1756969142174-600x310.jpg 600w, https:\/\/juvigo.pt\/revista\/wp-content\/uploads\/2025\/09\/1743429561373-1-e1756969142174-800x413.jpg 800w, https:\/\/juvigo.pt\/revista\/wp-content\/uploads\/2025\/09\/1743429561373-1-e1756969142174.jpg 2016w\" data-sizes=\"(max-width: 1024px) 100vw, 1024px\" src=\"data:image\/gif;base64,R0lGODlhAQABAAAAACH5BAEKAAEALAAAAAABAAEAAAICTAEAOw==\" \/><\/figure>\n<\/div>\n<\/div>\n\n\n\n<h2 class=\"wp-block-heading\" id=\"que-es-lo-que-menos-te-gustaba-de-tu-trabajo-afc38f28-d97b-4015-9d14-b54f41373e36\">\u00bfQu\u00e9 es lo que menos te gustaba de tu trabajo?<\/h2>\n\n\n\n<p>Honestamente, n\u00e3o houve nada de que n\u00e3o tivesse gostado. Cada tarefa tinha um prop\u00f3sito e via cada uma como uma oportunidade de aprendizagem.<\/p>\n\n\n\n<h2 class=\"wp-block-heading\" id=\"o-que-significa-a-juvigo-para-ti-ed7baf04-09a9-4f5e-ac51-16a3402361ef\">O que significa a Juvigo para ti?<\/h2>\n\n\n\n<p>Quando penso na Juvigo, sinto-me incrivelmente agradecida pela oportunidade que me deram. Aprecio profundamente a confian\u00e7a que tanto o Miguel como a Anja depositaram em mim ao contratarem-me como estagi\u00e1ria para a equipa Ib\u00e9rica, uma equipa \u00e0 qual gostei mesmo muito de pertencer.<\/p>\n\n\n\n<p>Para mim, a Juvigo representa um lugar cheio de oportunidades, onde as pessoas acreditam no teu potencial e te ajudam a crescer.<\/p>\n\n\n\n<h2 class=\"wp-block-heading\" id=\"o-que-te-inspirava-no-teu-trabalho-e-como-te-mantinhas-motivada-e-empenhada-c14c76bb-1dd5-4da6-b1f8-ca19a3041410\">O que te inspirava no teu trabalho e como te mantinhas motivada e empenhada?<\/h2>\n\n\n\n<p>Acredito que a chave para nos mantermos motivados \u00e9 fazer algo que realmente nos apaixone. \u00c9 dif\u00edcil manter o empenho se n\u00e3o tivermos interesse no que fazemos. Por isso \u00e9 que os dias de experi\u00eancia s\u00e3o t\u00e3o valiosos, pois d\u00e3o-nos uma ideia realista do que podemos esperar antes de assumir um compromisso.<\/p>\n\n\n\n<p>Pessoalmente, tenho uma grande paix\u00e3o pelo marketing, por isso tinha sempre vontade de trabalhar, porque sabia que estava a adquirir uma experi\u00eancia valiosa para o meu futuro profissional.<\/p>\n\n\n\n<h2 class=\"wp-block-heading\" id=\"como-definirias-a-cultura-de-trabalho-na-juvigo-9978b10a-322a-4faf-83ec-e0791585aa5a\">Como definirias a cultura de trabalho na Juvigo?<\/h2>\n\n\n\n<p>A Juvigo tem uma cultura de trabalho excecional, sem d\u00favida um dos seus pontos mais fortes!<\/p>\n\n\n\n<p>Desde o primeiro dia, todos foram incrivelmente acolhedores, comunicativos e sempre dispostos a ajudar. A din\u00e2mica da equipa \u00e9 excelente, com colegas que n\u00e3o s\u00f3 trabalham bem em conjunto, como tamb\u00e9m gostam de passar tempo juntos fora do trabalho.<\/p>\n\n\n\n<p>A Juvigo tamb\u00e9m oferece flexibilidade nos hor\u00e1rios de trabalho, o que \u00e9 uma grande vantagem, e organiza numerosos eventos de equipa, como a festa de Natal, a festa de fim de ver\u00e3o, a festa da primavera e v\u00e1rias atividades de <em>team building<\/em>. \u00c9 um lugar onde te sentes rapidamente inclu\u00eddo, enquanto aprendes e cresces continuamente.<\/p>\n\n\n\n<div class=\"wp-block-columns is-layout-flex wp-container-core-columns-is-layout-4 wp-block-columns-is-layout-flex\">\n<div class=\"wp-block-column is-layout-flow wp-block-column-is-layout-flow\">\n<figure class=\"wp-block-gallery has-nested-images columns-default is-cropped wp-block-gallery-2 is-layout-flex wp-block-gallery-is-layout-flex\">\n<figure class=\"wp-block-image size-large\"><img decoding=\"async\" width=\"1024\" height=\"768\" data-src=\"https:\/\/juvigo.pt\/revista\/wp-content\/uploads\/2025\/09\/image-3-1.jpeg\" alt=\"\" class=\"wp-image-9718 lazyload\" data-srcset=\"https:\/\/juvigo.pt\/revista\/wp-content\/uploads\/2025\/09\/image-3-1.jpeg 1024w, https:\/\/juvigo.pt\/revista\/wp-content\/uploads\/2025\/09\/image-3-1-300x225.jpeg 300w, https:\/\/juvigo.pt\/revista\/wp-content\/uploads\/2025\/09\/image-3-1-768x576.jpeg 768w, https:\/\/juvigo.pt\/revista\/wp-content\/uploads\/2025\/09\/image-3-1-600x450.jpeg 600w, https:\/\/juvigo.pt\/revista\/wp-content\/uploads\/2025\/09\/image-3-1-800x600.jpeg 800w, https:\/\/juvigo.pt\/revista\/wp-content\/uploads\/2025\/09\/image-3-1-141x106.jpeg 141w, https:\/\/juvigo.pt\/revista\/wp-content\/uploads\/2025\/09\/image-3-1-380x285.jpeg 380w, https:\/\/juvigo.pt\/revista\/wp-content\/uploads\/2025\/09\/image-3-1-247x186.jpeg 247w\" data-sizes=\"(max-width: 1024px) 100vw, 1024px\" src=\"data:image\/gif;base64,R0lGODlhAQABAAAAACH5BAEKAAEALAAAAAABAAEAAAICTAEAOw==\" style=\"--smush-placeholder-width: 1024px; --smush-placeholder-aspect-ratio: 1024\/768;\" \/><\/figure>\n\n\n\n<figure class=\"wp-block-image size-large\"><img decoding=\"async\" width=\"1008\" height=\"756\" data-src=\"https:\/\/juvigo.pt\/revista\/wp-content\/uploads\/2025\/09\/1743430803816-2-2.jpg\" alt=\"\" class=\"wp-image-9715 lazyload\" data-srcset=\"https:\/\/juvigo.pt\/revista\/wp-content\/uploads\/2025\/09\/1743430803816-2-2.jpg 1008w, https:\/\/juvigo.pt\/revista\/wp-content\/uploads\/2025\/09\/1743430803816-2-2-300x225.jpg 300w, https:\/\/juvigo.pt\/revista\/wp-content\/uploads\/2025\/09\/1743430803816-2-2-768x576.jpg 768w, https:\/\/juvigo.pt\/revista\/wp-content\/uploads\/2025\/09\/1743430803816-2-2-600x450.jpg 600w, https:\/\/juvigo.pt\/revista\/wp-content\/uploads\/2025\/09\/1743430803816-2-2-800x600.jpg 800w, https:\/\/juvigo.pt\/revista\/wp-content\/uploads\/2025\/09\/1743430803816-2-2-141x106.jpg 141w, https:\/\/juvigo.pt\/revista\/wp-content\/uploads\/2025\/09\/1743430803816-2-2-380x285.jpg 380w, https:\/\/juvigo.pt\/revista\/wp-content\/uploads\/2025\/09\/1743430803816-2-2-247x186.jpg 247w\" data-sizes=\"(max-width: 1008px) 100vw, 1008px\" src=\"data:image\/gif;base64,R0lGODlhAQABAAAAACH5BAEKAAEALAAAAAABAAEAAAICTAEAOw==\" style=\"--smush-placeholder-width: 1008px; --smush-placeholder-aspect-ratio: 1008\/756;\" \/><\/figure>\n<\/figure>\n<\/div>\n<\/div>\n\n\n\n<h2 class=\"wp-block-heading\" id=\"sentistete-parte-da-equipa-na-juvigo-8abc1c03-3ceb-40a6-9d6b-9d960a2187b1\">Sentiste-te parte da equipa na Juvigo?<\/h2>\n\n\n\n<p>Sim, absolutamente! Senti-me parte da equipa desde o primeiro momento, ainda antes do meu primeiro dia de trabalho, durante o <em>Sp\u00e4tsommerfest<\/em>. Tudo aconteceu de forma muito natural!<\/p>\n\n\n\n<p>Tanto os estagi\u00e1rios como os colaboradores a tempo inteiro foram sempre incrivelmente prest\u00e1veis e acolhedores. O tempo partilhado, tanto dentro como fora do trabalho, fez-me sentir inclu\u00edda e verdadeiramente feliz por fazer parte da equipa.<\/p>\n\n\n\n<h2 class=\"wp-block-heading\" id=\"qual-foi-o-maior-desafio-que-enfrentaste-no-teu-trabalho-e-como-e-que-o-superaste-76c70318-27f1-449c-b42d-251cd07e1162\">Qual foi o maior desafio que enfrentaste no teu trabalho e como \u00e9 que o superaste?<\/h2>\n\n\n\n<p>Essa \u00e9 uma \u00f3tima pergunta!<\/p>\n\n\n\n<p>Embora n\u00e3o tenha enfrentado nenhum desafio importante, no in\u00edcio sentia alguma inseguran\u00e7a em rela\u00e7\u00e3o ao atendimento ao cliente, apesar de j\u00e1 ter tido experi\u00eancia pr\u00e9via na \u00e1rea.<\/p>\n\n\n\n<p>No entanto, essa inseguran\u00e7a desapareceu rapidamente depois das minhas primeiras chamadas. Assim que me habituei, tornou-se algo natural!<\/p>\n\n\n\n<h2 class=\"wp-block-heading\" id=\"podes-partilhar-um-momento-em-que-te-tenhas-sentido-particularmente-orgulhosa-de-ti-propria-ou-da-tua-equipa-7123918d-4f9f-4796-8d1e-95d531f110f2\">Podes partilhar um momento em que te tenhas sentido particularmente orgulhosa de ti pr\u00f3pria ou da tua equipa?<\/h2>\n\n\n\n<div class=\"wp-block-columns is-layout-flex wp-container-core-columns-is-layout-5 wp-block-columns-is-layout-flex\">\n<div class=\"wp-block-column is-layout-flow wp-block-column-is-layout-flow\" style=\"flex-basis:66.66%\">\n<p>Claro! H\u00e1 alguns momentos que realmente se destacaram.<\/p>\n\n\n\n<p>Em novembro, alcan\u00e7\u00e1mos uma pontua\u00e7\u00e3o recorde no Seobility, em grande parte gra\u00e7as ao sucesso da palavra-chave \u00absurf camp\u00bb, que eu tinha estado a otimizar para SEO algumas semanas antes. Ver essa melhoria foi incrivelmente gratificante!<\/p>\n\n\n\n<p>Outro momento de destaque foi a nossa evolu\u00e7\u00e3o nas reservas de novembro a fevereiro. N\u00e3o s\u00f3 alcan\u00e7\u00e1mos de forma consistente os nossos objetivos mensais, como tamb\u00e9m super\u00e1mos os n\u00fameros dos anos anteriores. Foi um momento de orgulho para toda a equipa Ib\u00e9rica, pois demonstrou que os nossos esfor\u00e7os estavam a gerar um impacto.<\/p>\n<\/div>\n\n\n\n<div class=\"wp-block-column is-layout-flow wp-block-column-is-layout-flow\" style=\"flex-basis:33.33%\">\n<figure class=\"wp-block-image size-full is-style-default\"><img decoding=\"async\" width=\"768\" height=\"1024\" data-src=\"https:\/\/juvigo.pt\/revista\/wp-content\/uploads\/2025\/09\/image-2.jpeg\" alt=\"\" class=\"wp-image-9720 lazyload\" data-srcset=\"https:\/\/juvigo.pt\/revista\/wp-content\/uploads\/2025\/09\/image-2.jpeg 768w, https:\/\/juvigo.pt\/revista\/wp-content\/uploads\/2025\/09\/image-2-225x300.jpeg 225w, https:\/\/juvigo.pt\/revista\/wp-content\/uploads\/2025\/09\/image-2-600x800.jpeg 600w, https:\/\/juvigo.pt\/revista\/wp-content\/uploads\/2025\/09\/image-2-380x507.jpeg 380w, https:\/\/juvigo.pt\/revista\/wp-content\/uploads\/2025\/09\/image-2-247x330.jpeg 247w, https:\/\/juvigo.pt\/revista\/wp-content\/uploads\/2025\/09\/image-2-278x371.jpeg 278w\" data-sizes=\"(max-width: 768px) 100vw, 768px\" src=\"data:image\/gif;base64,R0lGODlhAQABAAAAACH5BAEKAAEALAAAAAABAAEAAAICTAEAOw==\" style=\"--smush-placeholder-width: 768px; --smush-placeholder-aspect-ratio: 768\/1024;\" \/><\/figure>\n<\/div>\n<\/div>\n\n\n\n<h2 class=\"wp-block-heading\" id=\"se-pudesses-reservar-um-campo-de-ferias-atraves-da-juvigo-para-ti-que-campo-ou-destino-escolherias-22a29438-6d24-48d9-b27f-ccbab28e0e1b\">Se pudesses reservar um campo de f\u00e9rias atrav\u00e9s da Juvigo para ti, que campo ou destino escolherias?<\/h2>\n\n\n\n<p>Se reservasse um campo de f\u00e9rias em Portugal, escolheria definitivamente um surf camp em Lisboa. Sempre quis aprender a surfar, e a Juvigo oferece um programa incr\u00edvel para isso!<\/p>\n\n\n\n<p>Se viajasse para o estrangeiro, optaria por um curso de l\u00ednguas em Nova Iorque, seria uma experi\u00eancia internacional incr\u00edvel.<\/p>\n\n\n\n<h2 class=\"wp-block-heading\" id=\"que-conselho-darias-aos-futuros-candidatos-que-estejam-a-considerar-uma-carreira-na-juvigo-eef18db7-3a33-4843-80e8-8a7e967efd3b\">Que conselho darias aos futuros candidatos que estejam a considerar uma carreira na Juvigo?<\/h2>\n\n\n\n<p>Dedica tempo a conhecer a empresa, o setor, a equipa e a cultura de trabalho. Se sentires que \u00e9 o lugar certo para ti, n\u00e3o hesites em candidatar-te!<\/p>\n\n\n\n<p>A Juvigo \u00e9 um excelente lugar para crescer profissionalmente, conhecer pessoas incr\u00edveis e descobrir uma nova cidade. Superou as minhas expetativas e tenho a certeza de que poder\u00e1 fazer o mesmo por ti!<\/p>\n\n\n\n<div class=\"wp-block-columns are-vertically-aligned-top is-layout-flex wp-container-core-columns-is-layout-6 wp-block-columns-is-layout-flex\">\n<div class=\"wp-block-column is-vertically-aligned-top is-layout-flow wp-block-column-is-layout-flow\">\n<figure class=\"wp-block-image size-full\"><img decoding=\"async\" width=\"768\" height=\"841\" data-src=\"https:\/\/juvigo.pt\/revista\/wp-content\/uploads\/2025\/09\/image-1-e1756969024675.jpeg\" alt=\"\" class=\"wp-image-9723 lazyload\" data-srcset=\"https:\/\/juvigo.pt\/revista\/wp-content\/uploads\/2025\/09\/image-1-e1756969024675.jpeg 768w, https:\/\/juvigo.pt\/revista\/wp-content\/uploads\/2025\/09\/image-1-e1756969024675-274x300.jpeg 274w, https:\/\/juvigo.pt\/revista\/wp-content\/uploads\/2025\/09\/image-1-e1756969024675-600x657.jpeg 600w\" data-sizes=\"(max-width: 768px) 100vw, 768px\" src=\"data:image\/gif;base64,R0lGODlhAQABAAAAACH5BAEKAAEALAAAAAABAAEAAAICTAEAOw==\" style=\"--smush-placeholder-width: 768px; --smush-placeholder-aspect-ratio: 768\/841;\" \/><\/figure>\n<\/div>\n\n\n\n<div class=\"wp-block-column is-vertically-aligned-top is-layout-flow wp-block-column-is-layout-flow\">\n<h2 class=\"wp-block-heading has-trawell-acc-color has-text-color has-link-color wp-elements-85899a143d7ad1615c03ec0ded2c8e1a\">Junta-te a n\u00f3s!<\/h2>\n\n\n\n<p>Se estiveres interessado em fazer parte de uma empresa que valoriza a sua equipa, n\u00e3o hesites em come\u00e7ar o processo de sele\u00e7\u00e3o na Juvigo. Podes explorar o nosso <a href=\"https:\/\/juvigo.careers\/career\/portuguese-jobs\/\" target=\"_blank\" rel=\"noreferrer noopener\">site<\/a> ou enviar-nos um e-mail para <a href=\"mailto:career@juvigo.de\">career@juvigo.de<\/a><\/p>\n\n\n\n<p>Descobre no nosso <a href=\"https:\/\/juvigo.careers\/career\/working-at-juvigo\/juvigo-attractive-for-you-professionals\/\">artigo<\/a> porque \u00e9 que a Juvigo \u00e9 uma op\u00e7\u00e3o atrativa para jovens profissionais.<\/p>\n\n\n\n<p>O processo de sele\u00e7\u00e3o na Juvigo est\u00e1 pensado para encontrar os melhores talentos. Est\u00e1s pronto para dar o pr\u00f3ximo passo na tua carreira?<\/p>\n<\/div>\n<\/div>\n","protected":false},"excerpt":{"rendered":"<p>Na Juvigo, valorizamos o trabalho em equipa, a aprendizagem cont\u00ednua e o prazer do dia a dia. Hoje queremos reconhecer o trabalho da Joana, que fez parte da equipa Ib\u00e9rica e foi nossa colega no mercado de Portugal. A Joana terminou a sua etapa connosco a 28 de fevereiro de 2025, deixando uma marca tanto [&hellip;]<\/p>\n","protected":false},"author":25,"featured_media":9734,"comment_status":"open","ping_status":"closed","sticky":false,"template":"","format":"standard","meta":{"advgb_blocks_editor_width":"","advgb_blocks_columns_visual_guide":"","footnotes":"","_links_to":"","_links_to_target":""},"categories":[485,4],"tags":[],"table_tags":[],"class_list":["post-9700","post","type-post","status-publish","format-standard","has-post-thumbnail","hentry","category-carreiras","category-entrevistas"],"yoast_head":"<!-- This site is optimized with the Yoast SEO plugin v24.8.1 - https:\/\/yoast.com\/wordpress\/plugins\/seo\/ -->\n<title>Entrevista \u00e0 nossa colega Joana - Juvigo Revista<\/title>\n<meta name=\"robots\" content=\"index, follow, max-snippet:-1, max-image-preview:large, max-video-preview:-1\" \/>\n<link rel=\"canonical\" href=\"https:\/\/juvigo.pt\/revista\/entrevistas\/entrevista-a-nossa-colega-joana\/\" \/>\n<meta property=\"og:locale\" content=\"pt_PT\" \/>\n<meta property=\"og:type\" content=\"article\" \/>\n<meta property=\"og:title\" content=\"Entrevista \u00e0 nossa colega Joana - Juvigo Revista\" \/>\n<meta property=\"og:description\" content=\"Na Juvigo, valorizamos o trabalho em equipa, a aprendizagem cont\u00ednua e o prazer do dia a dia. Hoje queremos reconhecer o trabalho da Joana, que fez parte da equipa Ib\u00e9rica e foi nossa colega no mercado de Portugal. A Joana terminou a sua etapa connosco a 28 de fevereiro de 2025, deixando uma marca tanto [&hellip;]\" \/>\n<meta property=\"og:url\" content=\"https:\/\/juvigo.pt\/revista\/entrevistas\/entrevista-a-nossa-colega-joana\/\" \/>\n<meta property=\"og:site_name\" content=\"Juvigo Revista\" \/>\n<meta property=\"article:publisher\" content=\"https:\/\/de-de.facebook.com\/meinjuvigo\" \/>\n<meta property=\"article:published_time\" content=\"2025-09-09T13:30:00+00:00\" \/>\n<meta property=\"article:modified_time\" content=\"2025-09-09T13:30:03+00:00\" \/>\n<meta property=\"og:image\" content=\"https:\/\/juvigo.pt\/revista\/wp-content\/uploads\/2025\/09\/1-6-e1756971613376.jpg\" \/>\n\t<meta property=\"og:image:width\" content=\"886\" \/>\n\t<meta property=\"og:image:height\" content=\"398\" \/>\n\t<meta property=\"og:image:type\" content=\"image\/jpeg\" \/>\n<meta name=\"author\" content=\"Sara Ven\u00e2ncio\" \/>\n<meta name=\"twitter:card\" content=\"summary_large_image\" \/>\n<meta name=\"twitter:creator\" content=\"@meinjuvigo\" \/>\n<meta name=\"twitter:site\" content=\"@meinjuvigo\" \/>\n<meta name=\"twitter:label1\" content=\"Escrito por\" \/>\n\t<meta name=\"twitter:data1\" content=\"Sara Ven\u00e2ncio\" \/>\n\t<meta name=\"twitter:label2\" content=\"Tempo estimado de leitura\" \/>\n\t<meta name=\"twitter:data2\" content=\"10 minutos\" \/>\n<script type=\"application\/ld+json\" class=\"yoast-schema-graph\">{\"@context\":\"https:\/\/schema.org\",\"@graph\":[{\"@type\":\"Article\",\"@id\":\"https:\/\/juvigo.pt\/revista\/entrevistas\/entrevista-a-nossa-colega-joana\/#article\",\"isPartOf\":{\"@id\":\"https:\/\/juvigo.pt\/revista\/entrevistas\/entrevista-a-nossa-colega-joana\/\"},\"author\":{\"name\":\"Sara Ven\u00e2ncio\",\"@id\":\"https:\/\/juvigo.pt\/revista\/#\/schema\/person\/a503e7b8a41608cbd9fa8e682ca34bd6\"},\"headline\":\"Entrevista \u00e0 nossa colega Joana\",\"datePublished\":\"2025-09-09T13:30:00+00:00\",\"dateModified\":\"2025-09-09T13:30:03+00:00\",\"mainEntityOfPage\":{\"@id\":\"https:\/\/juvigo.pt\/revista\/entrevistas\/entrevista-a-nossa-colega-joana\/\"},\"wordCount\":1473,\"commentCount\":0,\"publisher\":{\"@id\":\"https:\/\/juvigo.pt\/revista\/#organization\"},\"image\":{\"@id\":\"https:\/\/juvigo.pt\/revista\/entrevistas\/entrevista-a-nossa-colega-joana\/#primaryimage\"},\"thumbnailUrl\":\"https:\/\/juvigo.pt\/revista\/wp-content\/uploads\/2025\/09\/1-6-e1756971613376.jpg\",\"articleSection\":[\"Carreiras\",\"Entrevistas\"],\"inLanguage\":\"pt\",\"potentialAction\":[{\"@type\":\"CommentAction\",\"name\":\"Comment\",\"target\":[\"https:\/\/juvigo.pt\/revista\/entrevistas\/entrevista-a-nossa-colega-joana\/#respond\"]}]},{\"@type\":\"WebPage\",\"@id\":\"https:\/\/juvigo.pt\/revista\/entrevistas\/entrevista-a-nossa-colega-joana\/\",\"url\":\"https:\/\/juvigo.pt\/revista\/entrevistas\/entrevista-a-nossa-colega-joana\/\",\"name\":\"Entrevista \u00e0 nossa colega Joana - Juvigo Revista\",\"isPartOf\":{\"@id\":\"https:\/\/juvigo.pt\/revista\/#website\"},\"primaryImageOfPage\":{\"@id\":\"https:\/\/juvigo.pt\/revista\/entrevistas\/entrevista-a-nossa-colega-joana\/#primaryimage\"},\"image\":{\"@id\":\"https:\/\/juvigo.pt\/revista\/entrevistas\/entrevista-a-nossa-colega-joana\/#primaryimage\"},\"thumbnailUrl\":\"https:\/\/juvigo.pt\/revista\/wp-content\/uploads\/2025\/09\/1-6-e1756971613376.jpg\",\"datePublished\":\"2025-09-09T13:30:00+00:00\",\"dateModified\":\"2025-09-09T13:30:03+00:00\",\"breadcrumb\":{\"@id\":\"https:\/\/juvigo.pt\/revista\/entrevistas\/entrevista-a-nossa-colega-joana\/#breadcrumb\"},\"inLanguage\":\"pt\",\"potentialAction\":[{\"@type\":\"ReadAction\",\"target\":[\"https:\/\/juvigo.pt\/revista\/entrevistas\/entrevista-a-nossa-colega-joana\/\"]}]},{\"@type\":\"ImageObject\",\"inLanguage\":\"pt\",\"@id\":\"https:\/\/juvigo.pt\/revista\/entrevistas\/entrevista-a-nossa-colega-joana\/#primaryimage\",\"url\":\"https:\/\/juvigo.pt\/revista\/wp-content\/uploads\/2025\/09\/1-6-e1756971613376.jpg\",\"contentUrl\":\"https:\/\/juvigo.pt\/revista\/wp-content\/uploads\/2025\/09\/1-6-e1756971613376.jpg\",\"width\":886,\"height\":398},{\"@type\":\"BreadcrumbList\",\"@id\":\"https:\/\/juvigo.pt\/revista\/entrevistas\/entrevista-a-nossa-colega-joana\/#breadcrumb\",\"itemListElement\":[{\"@type\":\"ListItem\",\"position\":1,\"name\":\"Juvigo Revista\",\"item\":\"https:\/\/juvigo.pt\/revista\/\"},{\"@type\":\"ListItem\",\"position\":2,\"name\":\"Entrevistas\",\"item\":\"https:\/\/juvigo.pt\/revista\/entrevistas\/\"},{\"@type\":\"ListItem\",\"position\":3,\"name\":\"Entrevista \u00e0 nossa colega Joana\"}]},{\"@type\":\"WebSite\",\"@id\":\"https:\/\/juvigo.pt\/revista\/#website\",\"url\":\"https:\/\/juvigo.pt\/revista\/\",\"name\":\"Juvigo Revista\",\"description\":\"A revista Juvigo de Campos de f\u00e9rias, Col\u00f3nias de f\u00e9rias e Cursos de L\u00ednguas\",\"publisher\":{\"@id\":\"https:\/\/juvigo.pt\/revista\/#organization\"},\"potentialAction\":[{\"@type\":\"SearchAction\",\"target\":{\"@type\":\"EntryPoint\",\"urlTemplate\":\"https:\/\/juvigo.pt\/revista\/?s={search_term_string}\"},\"query-input\":{\"@type\":\"PropertyValueSpecification\",\"valueRequired\":true,\"valueName\":\"search_term_string\"}}],\"inLanguage\":\"pt\"},{\"@type\":\"Organization\",\"@id\":\"https:\/\/juvigo.pt\/revista\/#organization\",\"name\":\"Juvigo GmbH\",\"url\":\"https:\/\/juvigo.pt\/revista\/\",\"logo\":{\"@type\":\"ImageObject\",\"inLanguage\":\"pt\",\"@id\":\"https:\/\/juvigo.pt\/revista\/#\/schema\/logo\/image\/\",\"url\":\"https:\/\/juvigo.es\/revista\/wp-content\/uploads\/2022\/02\/magazine_logo_scaled.png\",\"contentUrl\":\"https:\/\/juvigo.es\/revista\/wp-content\/uploads\/2022\/02\/magazine_logo_scaled.png\",\"width\":240,\"height\":100,\"caption\":\"Juvigo GmbH\"},\"image\":{\"@id\":\"https:\/\/juvigo.pt\/revista\/#\/schema\/logo\/image\/\"},\"sameAs\":[\"https:\/\/de-de.facebook.com\/meinjuvigo\",\"https:\/\/x.com\/meinjuvigo\",\"http:\/\/instagram.com\/juvigo_de\/\"]},{\"@type\":\"Person\",\"@id\":\"https:\/\/juvigo.pt\/revista\/#\/schema\/person\/a503e7b8a41608cbd9fa8e682ca34bd6\",\"name\":\"Sara Ven\u00e2ncio\",\"image\":{\"@type\":\"ImageObject\",\"inLanguage\":\"pt\",\"@id\":\"https:\/\/juvigo.pt\/revista\/#\/schema\/person\/image\/\",\"url\":\"https:\/\/juvigo.pt\/revista\/wp-content\/uploads\/2019\/02\/favicon.ico\",\"contentUrl\":\"https:\/\/juvigo.pt\/revista\/wp-content\/uploads\/2019\/02\/favicon.ico\",\"caption\":\"Sara Ven\u00e2ncio\"},\"url\":\"https:\/\/juvigo.pt\/revista\/author\/sara\/\"}]}<\/script>\n<!-- \/ Yoast SEO plugin. -->","yoast_head_json":{"title":"Entrevista \u00e0 nossa colega Joana - Juvigo Revista","robots":{"index":"index","follow":"follow","max-snippet":"max-snippet:-1","max-image-preview":"max-image-preview:large","max-video-preview":"max-video-preview:-1"},"canonical":"https:\/\/juvigo.pt\/revista\/entrevistas\/entrevista-a-nossa-colega-joana\/","og_locale":"pt_PT","og_type":"article","og_title":"Entrevista \u00e0 nossa colega Joana - Juvigo Revista","og_description":"Na Juvigo, valorizamos o trabalho em equipa, a aprendizagem cont\u00ednua e o prazer do dia a dia. Hoje queremos reconhecer o trabalho da Joana, que fez parte da equipa Ib\u00e9rica e foi nossa colega no mercado de Portugal. A Joana terminou a sua etapa connosco a 28 de fevereiro de 2025, deixando uma marca tanto [&hellip;]","og_url":"https:\/\/juvigo.pt\/revista\/entrevistas\/entrevista-a-nossa-colega-joana\/","og_site_name":"Juvigo Revista","article_publisher":"https:\/\/de-de.facebook.com\/meinjuvigo","article_published_time":"2025-09-09T13:30:00+00:00","article_modified_time":"2025-09-09T13:30:03+00:00","og_image":[{"width":886,"height":398,"url":"https:\/\/juvigo.pt\/revista\/wp-content\/uploads\/2025\/09\/1-6-e1756971613376.jpg","type":"image\/jpeg"}],"author":"Sara Ven\u00e2ncio","twitter_card":"summary_large_image","twitter_creator":"@meinjuvigo","twitter_site":"@meinjuvigo","twitter_misc":{"Escrito por":"Sara Ven\u00e2ncio","Tempo estimado de leitura":"10 minutos"},"schema":{"@context":"https:\/\/schema.org","@graph":[{"@type":"Article","@id":"https:\/\/juvigo.pt\/revista\/entrevistas\/entrevista-a-nossa-colega-joana\/#article","isPartOf":{"@id":"https:\/\/juvigo.pt\/revista\/entrevistas\/entrevista-a-nossa-colega-joana\/"},"author":{"name":"Sara Ven\u00e2ncio","@id":"https:\/\/juvigo.pt\/revista\/#\/schema\/person\/a503e7b8a41608cbd9fa8e682ca34bd6"},"headline":"Entrevista \u00e0 nossa colega Joana","datePublished":"2025-09-09T13:30:00+00:00","dateModified":"2025-09-09T13:30:03+00:00","mainEntityOfPage":{"@id":"https:\/\/juvigo.pt\/revista\/entrevistas\/entrevista-a-nossa-colega-joana\/"},"wordCount":1473,"commentCount":0,"publisher":{"@id":"https:\/\/juvigo.pt\/revista\/#organization"},"image":{"@id":"https:\/\/juvigo.pt\/revista\/entrevistas\/entrevista-a-nossa-colega-joana\/#primaryimage"},"thumbnailUrl":"https:\/\/juvigo.pt\/revista\/wp-content\/uploads\/2025\/09\/1-6-e1756971613376.jpg","articleSection":["Carreiras","Entrevistas"],"inLanguage":"pt","potentialAction":[{"@type":"CommentAction","name":"Comment","target":["https:\/\/juvigo.pt\/revista\/entrevistas\/entrevista-a-nossa-colega-joana\/#respond"]}]},{"@type":"WebPage","@id":"https:\/\/juvigo.pt\/revista\/entrevistas\/entrevista-a-nossa-colega-joana\/","url":"https:\/\/juvigo.pt\/revista\/entrevistas\/entrevista-a-nossa-colega-joana\/","name":"Entrevista \u00e0 nossa colega Joana - Juvigo Revista","isPartOf":{"@id":"https:\/\/juvigo.pt\/revista\/#website"},"primaryImageOfPage":{"@id":"https:\/\/juvigo.pt\/revista\/entrevistas\/entrevista-a-nossa-colega-joana\/#primaryimage"},"image":{"@id":"https:\/\/juvigo.pt\/revista\/entrevistas\/entrevista-a-nossa-colega-joana\/#primaryimage"},"thumbnailUrl":"https:\/\/juvigo.pt\/revista\/wp-content\/uploads\/2025\/09\/1-6-e1756971613376.jpg","datePublished":"2025-09-09T13:30:00+00:00","dateModified":"2025-09-09T13:30:03+00:00","breadcrumb":{"@id":"https:\/\/juvigo.pt\/revista\/entrevistas\/entrevista-a-nossa-colega-joana\/#breadcrumb"},"inLanguage":"pt","potentialAction":[{"@type":"ReadAction","target":["https:\/\/juvigo.pt\/revista\/entrevistas\/entrevista-a-nossa-colega-joana\/"]}]},{"@type":"ImageObject","inLanguage":"pt","@id":"https:\/\/juvigo.pt\/revista\/entrevistas\/entrevista-a-nossa-colega-joana\/#primaryimage","url":"https:\/\/juvigo.pt\/revista\/wp-content\/uploads\/2025\/09\/1-6-e1756971613376.jpg","contentUrl":"https:\/\/juvigo.pt\/revista\/wp-content\/uploads\/2025\/09\/1-6-e1756971613376.jpg","width":886,"height":398},{"@type":"BreadcrumbList","@id":"https:\/\/juvigo.pt\/revista\/entrevistas\/entrevista-a-nossa-colega-joana\/#breadcrumb","itemListElement":[{"@type":"ListItem","position":1,"name":"Juvigo Revista","item":"https:\/\/juvigo.pt\/revista\/"},{"@type":"ListItem","position":2,"name":"Entrevistas","item":"https:\/\/juvigo.pt\/revista\/entrevistas\/"},{"@type":"ListItem","position":3,"name":"Entrevista \u00e0 nossa colega Joana"}]},{"@type":"WebSite","@id":"https:\/\/juvigo.pt\/revista\/#website","url":"https:\/\/juvigo.pt\/revista\/","name":"Juvigo Revista","description":"A revista Juvigo de Campos de f\u00e9rias, Col\u00f3nias de f\u00e9rias e Cursos de L\u00ednguas","publisher":{"@id":"https:\/\/juvigo.pt\/revista\/#organization"},"potentialAction":[{"@type":"SearchAction","target":{"@type":"EntryPoint","urlTemplate":"https:\/\/juvigo.pt\/revista\/?s={search_term_string}"},"query-input":{"@type":"PropertyValueSpecification","valueRequired":true,"valueName":"search_term_string"}}],"inLanguage":"pt"},{"@type":"Organization","@id":"https:\/\/juvigo.pt\/revista\/#organization","name":"Juvigo GmbH","url":"https:\/\/juvigo.pt\/revista\/","logo":{"@type":"ImageObject","inLanguage":"pt","@id":"https:\/\/juvigo.pt\/revista\/#\/schema\/logo\/image\/","url":"https:\/\/juvigo.es\/revista\/wp-content\/uploads\/2022\/02\/magazine_logo_scaled.png","contentUrl":"https:\/\/juvigo.es\/revista\/wp-content\/uploads\/2022\/02\/magazine_logo_scaled.png","width":240,"height":100,"caption":"Juvigo GmbH"},"image":{"@id":"https:\/\/juvigo.pt\/revista\/#\/schema\/logo\/image\/"},"sameAs":["https:\/\/de-de.facebook.com\/meinjuvigo","https:\/\/x.com\/meinjuvigo","http:\/\/instagram.com\/juvigo_de\/"]},{"@type":"Person","@id":"https:\/\/juvigo.pt\/revista\/#\/schema\/person\/a503e7b8a41608cbd9fa8e682ca34bd6","name":"Sara Ven\u00e2ncio","image":{"@type":"ImageObject","inLanguage":"pt","@id":"https:\/\/juvigo.pt\/revista\/#\/schema\/person\/image\/","url":"https:\/\/juvigo.pt\/revista\/wp-content\/uploads\/2019\/02\/favicon.ico","contentUrl":"https:\/\/juvigo.pt\/revista\/wp-content\/uploads\/2019\/02\/favicon.ico","caption":"Sara Ven\u00e2ncio"},"url":"https:\/\/juvigo.pt\/revista\/author\/sara\/"}]}},"author_meta":{"display_name":"Sara Ven\u00e2ncio","author_link":"https:\/\/juvigo.pt\/revista\/author\/sara\/"},"featured_img":"https:\/\/juvigo.pt\/revista\/wp-content\/uploads\/2025\/09\/1-6-e1756971613376-300x135.jpg","wps_subtitle":"","coauthors":[],"tax_additional":{"categories":{"linked":["<a href=\"https:\/\/juvigo.pt\/revista\/carreiras\/\" class=\"advgb-post-tax-term\">Carreiras<\/a>","<a href=\"https:\/\/juvigo.pt\/revista\/entrevistas\/\" class=\"advgb-post-tax-term\">Entrevistas<\/a>"],"unlinked":["<span class=\"advgb-post-tax-term\">Carreiras<\/span>","<span class=\"advgb-post-tax-term\">Entrevistas<\/span>"]}},"comment_count":"0","relative_dates":{"created":"Posted 8 meses ago","modified":"Updated 8 meses ago"},"absolute_dates":{"created":"Posted on 09.09.2025","modified":"Updated on 09.09.2025"},"absolute_dates_time":{"created":"Posted on 09.09.2025 14:30","modified":"Updated on 09.09.2025 14:30"},"featured_img_caption":"","series_order":"","_links":{"self":[{"href":"https:\/\/juvigo.pt\/revista\/wp-json\/wp\/v2\/posts\/9700","targetHints":{"allow":["GET"]}}],"collection":[{"href":"https:\/\/juvigo.pt\/revista\/wp-json\/wp\/v2\/posts"}],"about":[{"href":"https:\/\/juvigo.pt\/revista\/wp-json\/wp\/v2\/types\/post"}],"author":[{"embeddable":true,"href":"https:\/\/juvigo.pt\/revista\/wp-json\/wp\/v2\/users\/25"}],"replies":[{"embeddable":true,"href":"https:\/\/juvigo.pt\/revista\/wp-json\/wp\/v2\/comments?post=9700"}],"version-history":[{"count":26,"href":"https:\/\/juvigo.pt\/revista\/wp-json\/wp\/v2\/posts\/9700\/revisions"}],"predecessor-version":[{"id":9735,"href":"https:\/\/juvigo.pt\/revista\/wp-json\/wp\/v2\/posts\/9700\/revisions\/9735"}],"wp:featuredmedia":[{"embeddable":true,"href":"https:\/\/juvigo.pt\/revista\/wp-json\/wp\/v2\/media\/9734"}],"wp:attachment":[{"href":"https:\/\/juvigo.pt\/revista\/wp-json\/wp\/v2\/media?parent=9700"}],"wp:term":[{"taxonomy":"category","embeddable":true,"href":"https:\/\/juvigo.pt\/revista\/wp-json\/wp\/v2\/categories?post=9700"},{"taxonomy":"post_tag","embeddable":true,"href":"https:\/\/juvigo.pt\/revista\/wp-json\/wp\/v2\/tags?post=9700"},{"taxonomy":"table_tags","embeddable":true,"href":"https:\/\/juvigo.pt\/revista\/wp-json\/wp\/v2\/table_tags?post=9700"}],"curies":[{"name":"wp","href":"https:\/\/api.w.org\/{rel}","templated":true}]}}