{"id":9555,"date":"2025-07-31T15:22:41","date_gmt":"2025-07-31T14:22:41","guid":{"rendered":"https:\/\/juvigo.pt\/revista\/?p=9555"},"modified":"2025-07-31T15:22:44","modified_gmt":"2025-07-31T14:22:44","slug":"quando-comecam-as-aulas","status":"publish","type":"post","link":"https:\/\/juvigo.pt\/revista\/mais-informacoes\/quando-comecam-as-aulas\/","title":{"rendered":"Quando come\u00e7am as aulas?"},"content":{"rendered":"\n<h1 class=\"wp-block-heading\">Quando come\u00e7am as aulas? Prepara o regresso sem stress<\/h1>\n\n\n\n<p>As f\u00e9rias de ver\u00e3o ainda n\u00e3o acabaram , mas h\u00e1 uma pergunta que come\u00e7a a surgir por todo o lado:<br><strong>Quando come\u00e7am as aulas e como preparar para o regresso \u00e0 escola?<\/strong><\/p>\n\n\n\n<p>Para o ano letivo 2025\/2026, as aulas come\u00e7am entre 10 e 15 de setembro, dependendo da escola e do ano de escolaridade. Por isso, \u00e9 importante confirmar junto do agrupamento escolar ou da escola em espec\u00edfico, uma vez que nem todas iniciam no mesmo dia.<\/p>\n\n\n\n<p>Al\u00e9m disso, se queres saber todas as datas certinhas, desde o in\u00edcio das aulas at\u00e9 \u00e0s pausas letivas, j\u00e1 temos um artigo s\u00f3 sobre isso:<br>\ud83d\udc49<a href=\"https:\/\/juvigo.pt\/revista\/mais-informacoes\/calendario-escolar-2025-2026\/\"> Consulta aqui o calend\u00e1rio escolar 2025\/2026<\/a><\/p>\n\n\n\n<div style=\"height:24px\" aria-hidden=\"true\" class=\"wp-block-spacer\"><\/div>\n\n\n\n<h2 class=\"wp-block-heading has-trawell-meta-color has-text-color has-link-color wp-elements-fd0bc8b6d9fddf7d6ec44acf732e0c1f\" id=\"lista-de-material-b53b8d1b-dfcd-402f-8871-3f8e44c2d329\">Lista de material:<\/h2>\n\n\n\n<p>Aqui est\u00e1 tudo o que podes ir preparando nas semanas antes do in\u00edcio das aulas. Algumas coisas podem variar consoante o ano ou professor, mas esta lista cobre o essencial:<\/p>\n\n\n\n<div class=\"wp-block-columns is-layout-flex wp-container-core-columns-is-layout-1 wp-block-columns-is-layout-flex\">\n<div class=\"wp-block-column is-layout-flow wp-block-column-is-layout-flow\">\n<ul class=\"wp-block-list\">\n<li>L\u00e1pis HB<\/li>\n<\/ul>\n\n\n\n<ul class=\"wp-block-list\">\n<li>Borracha<\/li>\n<\/ul>\n\n\n\n<ul class=\"wp-block-list\">\n<li>Afia com dep\u00f3sito<\/li>\n<\/ul>\n\n\n\n<ul class=\"wp-block-list\">\n<li>Caneta de tinta azul ou preta<\/li>\n<\/ul>\n\n\n\n<ul class=\"wp-block-list\">\n<li>L\u00e1pis de cor<\/li>\n<\/ul>\n\n\n\n<ul class=\"wp-block-list\">\n<li>Canetas de feltro<\/li>\n<\/ul>\n\n\n\n<ul class=\"wp-block-list\">\n<li>R\u00e9gua<\/li>\n\n\n\n<li>Tesoura de bico redondo<\/li>\n\n\n\n<li>Cola batom<\/li>\n\n\n\n<li>Cadernos A4<\/li>\n\n\n\n<li>Pasta para fichas<\/li>\n<\/ul>\n\n\n\n<p>Podes fazer o download, imprimir e adicionar itens a esta lista para ir riscando os pontos:<\/p>\n\n\n\n<div class=\"wp-block-file\"><a id=\"wp-block-file--media-3ae817ed-d119-48d9-bdc3-d9e8b31830f3\" href=\"https:\/\/juvigo.pt\/revista\/wp-content\/uploads\/2025\/07\/lista-material-escolar-2025-2.jpg\"> \ud83d\udc49Lista de Material Escolar<\/a><a href=\"https:\/\/juvigo.pt\/revista\/wp-content\/uploads\/2025\/07\/lista-material-escolar-2025-2.jpg\" class=\"wp-block-file__button wp-element-button\" download aria-describedby=\"wp-block-file--media-3ae817ed-d119-48d9-bdc3-d9e8b31830f3\">Descarregar<\/a><\/div>\n<\/div>\n\n\n\n<div class=\"wp-block-column is-layout-flow wp-block-column-is-layout-flow\">\n<figure class=\"wp-block-image size-full\"><img decoding=\"async\" width=\"707\" height=\"1000\" data-src=\"https:\/\/juvigo.pt\/revista\/wp-content\/uploads\/2025\/07\/lista-material-escolar-2025-1.jpg\" alt=\"Sugest\u00e3o de lista de material escolar para o inicio das aulas\" class=\"wp-image-9568 lazyload\" data-srcset=\"https:\/\/juvigo.pt\/revista\/wp-content\/uploads\/2025\/07\/lista-material-escolar-2025-1.jpg 707w, https:\/\/juvigo.pt\/revista\/wp-content\/uploads\/2025\/07\/lista-material-escolar-2025-1-212x300.jpg 212w, https:\/\/juvigo.pt\/revista\/wp-content\/uploads\/2025\/07\/lista-material-escolar-2025-1-600x849.jpg 600w\" data-sizes=\"(max-width: 707px) 100vw, 707px\" src=\"data:image\/gif;base64,R0lGODlhAQABAAAAACH5BAEKAAEALAAAAAABAAEAAAICTAEAOw==\" style=\"--smush-placeholder-width: 707px; --smush-placeholder-aspect-ratio: 707\/1000;\" \/><\/figure>\n<\/div>\n<\/div>\n\n\n\n<div style=\"height:24px\" aria-hidden=\"true\" class=\"wp-block-spacer\"><\/div>\n\n\n\n<h2 class=\"wp-block-heading has-trawell-acc-color has-text-color has-link-color wp-elements-7922a447738e04faf4f31a319d6716ab\">Dicas para um bom in\u00edcio das aulas<\/h2>\n\n\n\n<p><\/p>\n\n\n\n<p>Mais do que apenas saber quando come\u00e7am as aulas, o mais importante \u00e9 estar preparado para esse momento. Afinal, o in\u00edcio das aulas n\u00e3o \u00e9 s\u00f3 uma data no calend\u00e1rio, \u00e9 o arranque de uma nova rotina para toda a fam\u00edlia.<\/p>\n\n\n\n<p>Enquanto a data n\u00e3o chega, h\u00e1 v\u00e1rias coisas que podes ir fazendo para tornar esse recome\u00e7o mais tranquilo. Aqui ficam algumas dicas simples para as semanas que antecedem o in\u00edcio das aulas:<\/p>\n\n\n\n<div class=\"wp-block-columns is-layout-flex wp-container-core-columns-is-layout-2 wp-block-columns-is-layout-flex\">\n<div class=\"wp-block-column is-layout-flow wp-block-column-is-layout-flow\"><div class=\"wp-block-image\">\n<figure class=\"alignright size-large is-resized\"><img decoding=\"async\" width=\"895\" height=\"1194\" data-src=\"https:\/\/juvigo.pt\/revista\/wp-content\/uploads\/2025\/07\/quando-comecam-aulas-dicas-2-edited.jpg\" alt=\"Dicas - Quando come\u00e7am as aulas?\" class=\"wp-image-9585 lazyload\" style=\"--smush-placeholder-width: 895px; --smush-placeholder-aspect-ratio: 895\/1194;width:313px;height:auto\" data-srcset=\"https:\/\/juvigo.pt\/revista\/wp-content\/uploads\/2025\/07\/quando-comecam-aulas-dicas-2-edited.jpg 895w, https:\/\/juvigo.pt\/revista\/wp-content\/uploads\/2025\/07\/quando-comecam-aulas-dicas-2-edited-225x300.jpg 225w, https:\/\/juvigo.pt\/revista\/wp-content\/uploads\/2025\/07\/quando-comecam-aulas-dicas-2-edited-768x1025.jpg 768w, https:\/\/juvigo.pt\/revista\/wp-content\/uploads\/2025\/07\/quando-comecam-aulas-dicas-2-edited-600x800.jpg 600w, https:\/\/juvigo.pt\/revista\/wp-content\/uploads\/2025\/07\/quando-comecam-aulas-dicas-2-edited-800x1067.jpg 800w, https:\/\/juvigo.pt\/revista\/wp-content\/uploads\/2025\/07\/quando-comecam-aulas-dicas-2-edited-380x507.jpg 380w, https:\/\/juvigo.pt\/revista\/wp-content\/uploads\/2025\/07\/quando-comecam-aulas-dicas-2-edited-247x330.jpg 247w, https:\/\/juvigo.pt\/revista\/wp-content\/uploads\/2025\/07\/quando-comecam-aulas-dicas-2-edited-278x371.jpg 278w\" data-sizes=\"(max-width: 895px) 100vw, 895px\" src=\"data:image\/gif;base64,R0lGODlhAQABAAAAACH5BAEKAAEALAAAAAABAAEAAAICTAEAOw==\" \/><\/figure><\/div><\/div>\n\n\n\n<div class=\"wp-block-column is-layout-flow wp-block-column-is-layout-flow\">\n<p><\/p>\n\n\n\n<ul class=\"wp-block-list\">\n<li> <strong>Reajustar os hor\u00e1rios<\/strong> aos poucos, para ajudar o corpo a adaptar-se ao ritmo escolar<\/li>\n\n\n\n<li><strong>Organizar os materiais escolares<\/strong> com calma e, se poss\u00edvel, em conjunto com as crian\u00e7as<\/li>\n\n\n\n<li><strong>Conversar sobre o novo ano letivo<\/strong>, partilhar expectativas e ouvir d\u00favidas ou receios<\/li>\n\n\n\n<li><strong>Relembrar as rotinas do dia a dia escolar<\/strong>, para trazer mais seguran\u00e7a e previsibilidade \u00e0s crian\u00e7as<\/li>\n\n\n\n<li><strong>Marca as datas no calend\u00e1rio<\/strong>, j\u00e1 quando come\u00e7a a escola, ent\u00e3o aproveita para apontar tamb\u00e9m as f\u00e9rias do Natal, Carnaval e P\u00e1scoa. Assim \u00e9 mais f\u00e1cil planear tudo com tempo, v\u00ea as datas no <a href=\"https:\/\/diariodarepublica.pt\/dr\/detalhe\/despacho\/8368-2024-873447631\">calend\u00e1rio escolar 2025\/2026.<\/a><\/li>\n<\/ul>\n<\/div>\n<\/div>\n\n\n\n<div style=\"height:24px\" aria-hidden=\"true\" class=\"wp-block-spacer\"><\/div>\n\n\n\n<h2 class=\"wp-block-heading has-trawell-acc-color has-text-color has-link-color wp-elements-123b585bcb3bd17d5e457e964c00cf71\">E at\u00e9 ao come\u00e7o das aulas, o que fazer?<\/h2>\n\n\n\n<p>Falta algum tempo at\u00e9 o in\u00edcio das aulas e se, ainda, n\u00e3o tens planos para o ver\u00e3o, os <strong><a href=\"https:\/\/juvigo.pt\/campos-de-ferias-portugal\">campos de f\u00e9rias<\/a> <\/strong>s\u00e3o a solu\u00e7\u00e3o ideal.<\/p>\n\n\n\n<p>Aqui est\u00e3o ideias de campos de f\u00e9rias:<\/p>\n\n\n\n<ul class=\"wp-block-list\">\n<li><a href=\"https:\/\/juvigo.pt\/campos-de-ferias\/campos-de-ferias-futebol\">Campos de f\u00e9rias de Futebol<\/a> &#8211; Para os jovens desportistas, esses campos s\u00e3o uma \u00f3tima maneira de aprender e praticar futebol, enquanto fazem novos amigos.<\/li>\n<\/ul>\n\n\n\n<p><\/p>\n\n\n\n<ul class=\"wp-block-list\">\n<li><a href=\"https:\/\/juvigo.pt\/campos-de-ferias\/campos-de-ferias-aventura\">Campos de f\u00e9rias de Natureza e Aventura<\/a> &#8211; Se os teus filhos gostam de estar em contacto com a natureza e aventura, este tipo de campo \u00e9 perfeito. Aventura e divers\u00e3o garantidas com atividades ao ar livre.<\/li>\n<\/ul>\n\n\n\n<p><\/p>\n\n\n\n<ul class=\"wp-block-list\">\n<li><a href=\"https:\/\/juvigo.pt\/campos-de-ferias\/campos-de-ferias-equitacao\">Campos de f\u00e9rias de Equita\u00e7\u00e3o<\/a> &#8211; Para os amantes dos animais, os campos de f\u00e9rias de equita\u00e7\u00e3o s\u00e3o uma excelente op\u00e7\u00e3o. As crian\u00e7as podem aprender a montar, cuidar dos cavalos e melhorar as suas habilidades.<\/li>\n<\/ul>\n\n\n\n<p><\/p>\n\n\n\n<ul class=\"wp-block-list\">\n<li><a href=\"https:\/\/juvigo.pt\/campos-de-ferias\/campos-de-ferias-desportos-aquaticos\">Campos de f\u00e9rias de Desportos Aqu\u00e1tico<\/a> &#8211; Ideal para quem ama a \u00e1gua, estes campos oferecem atividades como kayak, surf ou Stand Up Paddle. Perfeito para se refrescar enquanto se diverte.<\/li>\n<\/ul>\n\n\n\n<p><\/p>\n\n\n\n<ul class=\"wp-block-list\">\n<li><a href=\"https:\/\/juvigo.pt\/campos-de-ferias\/campos-de-ferias-desportivas\">Campos de f\u00e9rias Desportivas<\/a> &#8211; Para quem prefere uma variedade de atividades, esses campos oferecem um leque diversificado de desportos que ajudam a desenvolver v\u00e1rias compet\u00eancias f\u00edsicas e sociais.<\/li>\n<\/ul>\n\n\n\n<p><\/p>\n\n\n\n<ul class=\"wp-block-list\">\n<li><a href=\"https:\/\/juvigo.pt\/campos-de-ferias\/campos-de-ferias-nao-residenciais~\">Day Camps<\/a> &#8211; Para aqueles que n\u00e3o querem ficar fora de casa por longos per\u00edodos, os Day Camps s\u00e3o uma excelente op\u00e7\u00e3o, proporcionando atividades di\u00e1rias com muita divers\u00e3o, mas sem pernoitar fora.<\/li>\n<\/ul>\n\n\n\n<p><\/p>\n\n\n\n<p>Assim, quando o ano letivo 2025\/2026 come\u00e7ar, as crian\u00e7as j\u00e1 ter\u00e3o muitas hist\u00f3rias para contar e estar\u00e3o prontas para o novo desafio escolar.<\/p>\n\n\n\n<figure class=\"wp-block-image size-large\"><img decoding=\"async\" width=\"1024\" height=\"439\" data-src=\"https:\/\/juvigo.pt\/revista\/wp-content\/uploads\/2025\/07\/Quando-comeca-aulas-regresso-edited-e1753886187359-1024x439.jpg\" alt=\"Quando come\u00e7am as aulas e o seu regresso\" class=\"wp-image-9615 lazyload\" data-srcset=\"https:\/\/juvigo.pt\/revista\/wp-content\/uploads\/2025\/07\/Quando-comeca-aulas-regresso-edited-e1753886187359-1024x439.jpg 1024w, https:\/\/juvigo.pt\/revista\/wp-content\/uploads\/2025\/07\/Quando-comeca-aulas-regresso-edited-e1753886187359-300x129.jpg 300w, https:\/\/juvigo.pt\/revista\/wp-content\/uploads\/2025\/07\/Quando-comeca-aulas-regresso-edited-e1753886187359-768x329.jpg 768w, https:\/\/juvigo.pt\/revista\/wp-content\/uploads\/2025\/07\/Quando-comeca-aulas-regresso-edited-e1753886187359-600x257.jpg 600w, https:\/\/juvigo.pt\/revista\/wp-content\/uploads\/2025\/07\/Quando-comeca-aulas-regresso-edited-e1753886187359-800x343.jpg 800w, https:\/\/juvigo.pt\/revista\/wp-content\/uploads\/2025\/07\/Quando-comeca-aulas-regresso-edited-e1753886187359-585x251.jpg 585w, https:\/\/juvigo.pt\/revista\/wp-content\/uploads\/2025\/07\/Quando-comeca-aulas-regresso-edited-e1753886187359-385x165.jpg 385w, https:\/\/juvigo.pt\/revista\/wp-content\/uploads\/2025\/07\/Quando-comeca-aulas-regresso-edited-e1753886187359.jpg 1469w\" data-sizes=\"(max-width: 1024px) 100vw, 1024px\" src=\"data:image\/gif;base64,R0lGODlhAQABAAAAACH5BAEKAAEALAAAAAABAAEAAAICTAEAOw==\" style=\"--smush-placeholder-width: 1024px; --smush-placeholder-aspect-ratio: 1024\/439;\" \/><\/figure>\n\n\n\n<div style=\"height:24px\" aria-hidden=\"true\" class=\"wp-block-spacer\"><\/div>\n\n\n\n<h2 class=\"wp-block-heading\">Pronto para o regresso?<\/h2>\n\n\n\n<p>Agora que j\u00e1 sabes quando come\u00e7am as aulas e tens v\u00e1rias dicas pr\u00e1ticas para preparar o regresso \u00e0 escola, o in\u00edcio do ano letivo pode ser mais tranquilo e organizado. Desde a lista de material at\u00e9 \u00e0s atividades para ocupar os \u00faltimos dias de f\u00e9rias, tudo conta para come\u00e7ar o ano com o p\u00e9 direito.<\/p>\n\n\n\n<p>Aproveita bem o tempo que resta, organiza tudo com calma e, quando chegar setembro, a escola j\u00e1 n\u00e3o vai apanhar ningu\u00e9m de surpresa!<\/p>\n\n\n\n<div style=\"height:30px\" aria-hidden=\"true\" class=\"wp-block-spacer\"><\/div>\n\n\n\n<div class=\"wp-block-columns is-layout-flex wp-container-core-columns-is-layout-3 wp-block-columns-is-layout-flex\">\n<div class=\"wp-block-column is-layout-flow wp-block-column-is-layout-flow\">\n<script>\r\n  document.addEventListener(\"DOMContentLoaded\", function () {\r\n    const today = new Date();\r\n    const currentYear = today.getFullYear();\r\n    const displayYear = (today.getMonth() >= 10) ? currentYear + 1 : currentYear;\r\n\r\n    document.querySelectorAll('.display-year').forEach(el => {\r\n      el.textContent = displayYear;\r\n    });\r\n  });\r\n<\/script>\r\n<div #2b2f6f;\" class=\"card\">\r\n\t\t\t<a  href=\"https:\/\/juvigo.pt\/campos-de-ferias\/cursos-de-linguas-juvigo\" title=\"Cursos de L\u00ednguas\">\r\n\t\t\t\t<img decoding=\"async\" data-src=\"https:\/\/juvigo.pt\/assets\/img\/category\/cursos-de-linguas-juvigo-small.jpg\" src=\"data:image\/gif;base64,R0lGODlhAQABAAAAACH5BAEKAAEALAAAAAABAAEAAAICTAEAOw==\" class=\"lazyload\" \/>\r\n\t\t\t<\/a>\r\n\t\t\t<div class=\"card-content\">\r\n               <div class=\"title-wrapper\">\r\n                  <br><a  href=\"https:\/\/juvigo.pt\/campos-de-ferias\/cursos-de-linguas-juvigo\" title=\"Cursos de L\u00ednguas\"><center><h4><p class=\"camp-title\">Cursos de L\u00ednguas <span class=\"display-year\"><\/span><\/p><\/h4><\/center><\/a>\r\n            <\/div>\r\n\t\t\t\t<div class=\"content-text\">\r\n\t\t\t\t\t<p class=\"region-info par\">\r\n                                              <center>Todos os campos de f\u00e9rias em <span class=\"display-year\"><\/span> em Juvigo!<\/center>\r\n                      <\/p>\r\n\t\t\t\t<\/div>\r\n\t\t\t<\/div>\r\n\t\t\t<span style=\"font-family:Quicksand\"><a href=\"https:\/\/juvigo.pt\/campos-de-ferias\/cursos-de-linguas-juvigo\" title=\"Cursos de L\u00ednguas\"><button class=\"btn btn-yellow card-btn col-md-12\">Ver ofertas<\/button><\/a><\/span>\r\n\t\t<\/div>\r\n\t\t<br>\r\n\r\n<!--style=\"border:1px border-radius:25px solid-->\r\n  \r\n<!-- Die Kategorie-Karten m\u00fcssen noch weiter ausgebaut werden-->\n<\/div>\n\n\n\n<div class=\"wp-block-column is-layout-flow wp-block-column-is-layout-flow\">\n<script>\r\n  document.addEventListener(\"DOMContentLoaded\", function () {\r\n    const today = new Date();\r\n    const currentYear = today.getFullYear();\r\n    const displayYear = (today.getMonth() >= 10) ? currentYear + 1 : currentYear;\r\n\r\n    document.querySelectorAll('.display-year').forEach(el => {\r\n      el.textContent = displayYear;\r\n    });\r\n  });\r\n<\/script>\r\n<div #2b2f6f;\" class=\"card\">\r\n\t\t\t<a  href=\"https:\/\/juvigo.pt\/campos-de-ferias\/campos-de-ferias-last-minute\" title=\"Cursos de L\u00ednguas\">\r\n\t\t\t\t<img decoding=\"async\" data-src=\"https:\/\/juvigo.pt\/assets\/img\/category\/campos-de-ferias-last-minute-small.jpg\" src=\"data:image\/gif;base64,R0lGODlhAQABAAAAACH5BAEKAAEALAAAAAABAAEAAAICTAEAOw==\" class=\"lazyload\" \/>\r\n\t\t\t<\/a>\r\n\t\t\t<div class=\"card-content\">\r\n               <div class=\"title-wrapper\">\r\n                  <br><a  href=\"https:\/\/juvigo.pt\/campos-de-ferias\/campos-de-ferias-last-minute\" title=\"Cursos de L\u00ednguas\"><center><h4><p class=\"camp-title\">Cursos de L\u00ednguas <span class=\"display-year\"><\/span><\/p><\/h4><\/center><\/a>\r\n            <\/div>\r\n\t\t\t\t<div class=\"content-text\">\r\n\t\t\t\t\t<p class=\"region-info par\">\r\n                                              <center>Todos os campos de f\u00e9rias em <span class=\"display-year\"><\/span> em Juvigo!<\/center>\r\n                      <\/p>\r\n\t\t\t\t<\/div>\r\n\t\t\t<\/div>\r\n\t\t\t<span style=\"font-family:Quicksand\"><a href=\"https:\/\/juvigo.pt\/campos-de-ferias\/campos-de-ferias-last-minute\" title=\"Cursos de L\u00ednguas\"><button class=\"btn btn-yellow card-btn col-md-12\">Ver ofertas<\/button><\/a><\/span>\r\n\t\t<\/div>\r\n\t\t<br>\r\n\r\n<!--style=\"border:1px border-radius:25px solid-->\r\n  \r\n<!-- Die Kategorie-Karten m\u00fcssen noch weiter ausgebaut werden-->\n<\/div>\n<\/div>\n\n\n\n<p><\/p>\n","protected":false},"excerpt":{"rendered":"<p>Quando come\u00e7am as aulas? Prepara o regresso sem stress As f\u00e9rias de ver\u00e3o ainda n\u00e3o acabaram , mas h\u00e1 uma pergunta que come\u00e7a a surgir por todo o lado:Quando come\u00e7am as aulas e como preparar para o regresso \u00e0 escola? Para o ano letivo 2025\/2026, as aulas come\u00e7am entre 10 e 15 de setembro, dependendo [&hellip;]<\/p>\n","protected":false},"author":25,"featured_media":9559,"comment_status":"open","ping_status":"closed","sticky":false,"template":"","format":"standard","meta":{"advgb_blocks_editor_width":"","advgb_blocks_columns_visual_guide":"","footnotes":"","_links_to":"","_links_to_target":""},"categories":[1],"tags":[],"table_tags":[],"class_list":["post-9555","post","type-post","status-publish","format-standard","has-post-thumbnail","hentry","category-mais-informacoes"],"yoast_head":"<!-- This site is optimized with the Yoast SEO plugin v24.8.1 - https:\/\/yoast.com\/wordpress\/plugins\/seo\/ -->\n<title>Quando come\u00e7am as aulas? - Juvigo Revista<\/title>\n<meta name=\"description\" content=\"Quando come\u00e7am as aulas? V\u00ea as datas, prepara o regresso \u00e0 escola e aproveita ideias para ocupar os dias at\u00e9 setembro.\" \/>\n<meta name=\"robots\" content=\"index, follow, max-snippet:-1, max-image-preview:large, max-video-preview:-1\" \/>\n<link rel=\"canonical\" href=\"https:\/\/juvigo.pt\/revista\/mais-informacoes\/quando-comecam-as-aulas\/\" \/>\n<meta property=\"og:locale\" content=\"pt_PT\" \/>\n<meta property=\"og:type\" content=\"article\" \/>\n<meta property=\"og:title\" content=\"Quando come\u00e7am as aulas? - Juvigo Revista\" \/>\n<meta property=\"og:description\" content=\"Quando come\u00e7am as aulas? V\u00ea as datas, prepara o regresso \u00e0 escola e aproveita ideias para ocupar os dias at\u00e9 setembro.\" \/>\n<meta property=\"og:url\" content=\"https:\/\/juvigo.pt\/revista\/mais-informacoes\/quando-comecam-as-aulas\/\" \/>\n<meta property=\"og:site_name\" content=\"Juvigo Revista\" \/>\n<meta property=\"article:publisher\" content=\"https:\/\/de-de.facebook.com\/meinjuvigo\" \/>\n<meta property=\"article:published_time\" content=\"2025-07-31T14:22:41+00:00\" \/>\n<meta property=\"article:modified_time\" content=\"2025-07-31T14:22:44+00:00\" \/>\n<meta property=\"og:image\" content=\"https:\/\/juvigo.pt\/revista\/wp-content\/uploads\/2025\/07\/quando-comecam-aulas-material.jpg\" \/>\n\t<meta property=\"og:image:width\" content=\"1500\" \/>\n\t<meta property=\"og:image:height\" content=\"1000\" \/>\n\t<meta property=\"og:image:type\" content=\"image\/jpeg\" \/>\n<meta name=\"author\" content=\"Sara Ven\u00e2ncio\" \/>\n<meta name=\"twitter:card\" content=\"summary_large_image\" \/>\n<meta name=\"twitter:creator\" content=\"@meinjuvigo\" \/>\n<meta name=\"twitter:site\" content=\"@meinjuvigo\" \/>\n<meta name=\"twitter:label1\" content=\"Escrito por\" \/>\n\t<meta name=\"twitter:data1\" content=\"Sara Ven\u00e2ncio\" \/>\n\t<meta name=\"twitter:label2\" content=\"Tempo estimado de leitura\" \/>\n\t<meta name=\"twitter:data2\" content=\"5 minutos\" \/>\n<script type=\"application\/ld+json\" class=\"yoast-schema-graph\">{\"@context\":\"https:\/\/schema.org\",\"@graph\":[{\"@type\":\"Article\",\"@id\":\"https:\/\/juvigo.pt\/revista\/mais-informacoes\/quando-comecam-as-aulas\/#article\",\"isPartOf\":{\"@id\":\"https:\/\/juvigo.pt\/revista\/mais-informacoes\/quando-comecam-as-aulas\/\"},\"author\":{\"name\":\"Sara Ven\u00e2ncio\",\"@id\":\"https:\/\/juvigo.pt\/revista\/#\/schema\/person\/a503e7b8a41608cbd9fa8e682ca34bd6\"},\"headline\":\"Quando come\u00e7am as aulas?\",\"datePublished\":\"2025-07-31T14:22:41+00:00\",\"dateModified\":\"2025-07-31T14:22:44+00:00\",\"mainEntityOfPage\":{\"@id\":\"https:\/\/juvigo.pt\/revista\/mais-informacoes\/quando-comecam-as-aulas\/\"},\"wordCount\":819,\"commentCount\":0,\"publisher\":{\"@id\":\"https:\/\/juvigo.pt\/revista\/#organization\"},\"image\":{\"@id\":\"https:\/\/juvigo.pt\/revista\/mais-informacoes\/quando-comecam-as-aulas\/#primaryimage\"},\"thumbnailUrl\":\"https:\/\/juvigo.pt\/revista\/wp-content\/uploads\/2025\/07\/quando-comecam-aulas-material.jpg\",\"articleSection\":[\"Mais informa\u00e7\u00f5es\"],\"inLanguage\":\"pt\",\"potentialAction\":[{\"@type\":\"CommentAction\",\"name\":\"Comment\",\"target\":[\"https:\/\/juvigo.pt\/revista\/mais-informacoes\/quando-comecam-as-aulas\/#respond\"]}]},{\"@type\":\"WebPage\",\"@id\":\"https:\/\/juvigo.pt\/revista\/mais-informacoes\/quando-comecam-as-aulas\/\",\"url\":\"https:\/\/juvigo.pt\/revista\/mais-informacoes\/quando-comecam-as-aulas\/\",\"name\":\"Quando come\u00e7am as aulas? - Juvigo Revista\",\"isPartOf\":{\"@id\":\"https:\/\/juvigo.pt\/revista\/#website\"},\"primaryImageOfPage\":{\"@id\":\"https:\/\/juvigo.pt\/revista\/mais-informacoes\/quando-comecam-as-aulas\/#primaryimage\"},\"image\":{\"@id\":\"https:\/\/juvigo.pt\/revista\/mais-informacoes\/quando-comecam-as-aulas\/#primaryimage\"},\"thumbnailUrl\":\"https:\/\/juvigo.pt\/revista\/wp-content\/uploads\/2025\/07\/quando-comecam-aulas-material.jpg\",\"datePublished\":\"2025-07-31T14:22:41+00:00\",\"dateModified\":\"2025-07-31T14:22:44+00:00\",\"description\":\"Quando come\u00e7am as aulas? V\u00ea as datas, prepara o regresso \u00e0 escola e aproveita ideias para ocupar os dias at\u00e9 setembro.\",\"breadcrumb\":{\"@id\":\"https:\/\/juvigo.pt\/revista\/mais-informacoes\/quando-comecam-as-aulas\/#breadcrumb\"},\"inLanguage\":\"pt\",\"potentialAction\":[{\"@type\":\"ReadAction\",\"target\":[\"https:\/\/juvigo.pt\/revista\/mais-informacoes\/quando-comecam-as-aulas\/\"]}]},{\"@type\":\"ImageObject\",\"inLanguage\":\"pt\",\"@id\":\"https:\/\/juvigo.pt\/revista\/mais-informacoes\/quando-comecam-as-aulas\/#primaryimage\",\"url\":\"https:\/\/juvigo.pt\/revista\/wp-content\/uploads\/2025\/07\/quando-comecam-aulas-material.jpg\",\"contentUrl\":\"https:\/\/juvigo.pt\/revista\/wp-content\/uploads\/2025\/07\/quando-comecam-aulas-material.jpg\",\"width\":1500,\"height\":1000},{\"@type\":\"BreadcrumbList\",\"@id\":\"https:\/\/juvigo.pt\/revista\/mais-informacoes\/quando-comecam-as-aulas\/#breadcrumb\",\"itemListElement\":[{\"@type\":\"ListItem\",\"position\":1,\"name\":\"Juvigo Revista\",\"item\":\"https:\/\/juvigo.pt\/revista\/\"},{\"@type\":\"ListItem\",\"position\":2,\"name\":\"Mais informa\u00e7\u00f5es\",\"item\":\"https:\/\/juvigo.pt\/revista\/mais-informacoes\/\"},{\"@type\":\"ListItem\",\"position\":3,\"name\":\"Quando come\u00e7am as aulas?\"}]},{\"@type\":\"WebSite\",\"@id\":\"https:\/\/juvigo.pt\/revista\/#website\",\"url\":\"https:\/\/juvigo.pt\/revista\/\",\"name\":\"Juvigo Revista\",\"description\":\"A revista Juvigo de Campos de f\u00e9rias, Col\u00f3nias de f\u00e9rias e Cursos de L\u00ednguas\",\"publisher\":{\"@id\":\"https:\/\/juvigo.pt\/revista\/#organization\"},\"potentialAction\":[{\"@type\":\"SearchAction\",\"target\":{\"@type\":\"EntryPoint\",\"urlTemplate\":\"https:\/\/juvigo.pt\/revista\/?s={search_term_string}\"},\"query-input\":{\"@type\":\"PropertyValueSpecification\",\"valueRequired\":true,\"valueName\":\"search_term_string\"}}],\"inLanguage\":\"pt\"},{\"@type\":\"Organization\",\"@id\":\"https:\/\/juvigo.pt\/revista\/#organization\",\"name\":\"Juvigo GmbH\",\"url\":\"https:\/\/juvigo.pt\/revista\/\",\"logo\":{\"@type\":\"ImageObject\",\"inLanguage\":\"pt\",\"@id\":\"https:\/\/juvigo.pt\/revista\/#\/schema\/logo\/image\/\",\"url\":\"https:\/\/juvigo.es\/revista\/wp-content\/uploads\/2022\/02\/magazine_logo_scaled.png\",\"contentUrl\":\"https:\/\/juvigo.es\/revista\/wp-content\/uploads\/2022\/02\/magazine_logo_scaled.png\",\"width\":240,\"height\":100,\"caption\":\"Juvigo GmbH\"},\"image\":{\"@id\":\"https:\/\/juvigo.pt\/revista\/#\/schema\/logo\/image\/\"},\"sameAs\":[\"https:\/\/de-de.facebook.com\/meinjuvigo\",\"https:\/\/x.com\/meinjuvigo\",\"http:\/\/instagram.com\/juvigo_de\/\"]},{\"@type\":\"Person\",\"@id\":\"https:\/\/juvigo.pt\/revista\/#\/schema\/person\/a503e7b8a41608cbd9fa8e682ca34bd6\",\"name\":\"Sara Ven\u00e2ncio\",\"image\":{\"@type\":\"ImageObject\",\"inLanguage\":\"pt\",\"@id\":\"https:\/\/juvigo.pt\/revista\/#\/schema\/person\/image\/\",\"url\":\"https:\/\/juvigo.pt\/revista\/wp-content\/uploads\/2019\/02\/favicon.ico\",\"contentUrl\":\"https:\/\/juvigo.pt\/revista\/wp-content\/uploads\/2019\/02\/favicon.ico\",\"caption\":\"Sara Ven\u00e2ncio\"},\"url\":\"https:\/\/juvigo.pt\/revista\/author\/sara\/\"}]}<\/script>\n<!-- \/ Yoast SEO plugin. -->","yoast_head_json":{"title":"Quando come\u00e7am as aulas? - Juvigo Revista","description":"Quando come\u00e7am as aulas? V\u00ea as datas, prepara o regresso \u00e0 escola e aproveita ideias para ocupar os dias at\u00e9 setembro.","robots":{"index":"index","follow":"follow","max-snippet":"max-snippet:-1","max-image-preview":"max-image-preview:large","max-video-preview":"max-video-preview:-1"},"canonical":"https:\/\/juvigo.pt\/revista\/mais-informacoes\/quando-comecam-as-aulas\/","og_locale":"pt_PT","og_type":"article","og_title":"Quando come\u00e7am as aulas? - Juvigo Revista","og_description":"Quando come\u00e7am as aulas? V\u00ea as datas, prepara o regresso \u00e0 escola e aproveita ideias para ocupar os dias at\u00e9 setembro.","og_url":"https:\/\/juvigo.pt\/revista\/mais-informacoes\/quando-comecam-as-aulas\/","og_site_name":"Juvigo Revista","article_publisher":"https:\/\/de-de.facebook.com\/meinjuvigo","article_published_time":"2025-07-31T14:22:41+00:00","article_modified_time":"2025-07-31T14:22:44+00:00","og_image":[{"width":1500,"height":1000,"url":"https:\/\/juvigo.pt\/revista\/wp-content\/uploads\/2025\/07\/quando-comecam-aulas-material.jpg","type":"image\/jpeg"}],"author":"Sara Ven\u00e2ncio","twitter_card":"summary_large_image","twitter_creator":"@meinjuvigo","twitter_site":"@meinjuvigo","twitter_misc":{"Escrito por":"Sara Ven\u00e2ncio","Tempo estimado de leitura":"5 minutos"},"schema":{"@context":"https:\/\/schema.org","@graph":[{"@type":"Article","@id":"https:\/\/juvigo.pt\/revista\/mais-informacoes\/quando-comecam-as-aulas\/#article","isPartOf":{"@id":"https:\/\/juvigo.pt\/revista\/mais-informacoes\/quando-comecam-as-aulas\/"},"author":{"name":"Sara Ven\u00e2ncio","@id":"https:\/\/juvigo.pt\/revista\/#\/schema\/person\/a503e7b8a41608cbd9fa8e682ca34bd6"},"headline":"Quando come\u00e7am as aulas?","datePublished":"2025-07-31T14:22:41+00:00","dateModified":"2025-07-31T14:22:44+00:00","mainEntityOfPage":{"@id":"https:\/\/juvigo.pt\/revista\/mais-informacoes\/quando-comecam-as-aulas\/"},"wordCount":819,"commentCount":0,"publisher":{"@id":"https:\/\/juvigo.pt\/revista\/#organization"},"image":{"@id":"https:\/\/juvigo.pt\/revista\/mais-informacoes\/quando-comecam-as-aulas\/#primaryimage"},"thumbnailUrl":"https:\/\/juvigo.pt\/revista\/wp-content\/uploads\/2025\/07\/quando-comecam-aulas-material.jpg","articleSection":["Mais informa\u00e7\u00f5es"],"inLanguage":"pt","potentialAction":[{"@type":"CommentAction","name":"Comment","target":["https:\/\/juvigo.pt\/revista\/mais-informacoes\/quando-comecam-as-aulas\/#respond"]}]},{"@type":"WebPage","@id":"https:\/\/juvigo.pt\/revista\/mais-informacoes\/quando-comecam-as-aulas\/","url":"https:\/\/juvigo.pt\/revista\/mais-informacoes\/quando-comecam-as-aulas\/","name":"Quando come\u00e7am as aulas? - Juvigo Revista","isPartOf":{"@id":"https:\/\/juvigo.pt\/revista\/#website"},"primaryImageOfPage":{"@id":"https:\/\/juvigo.pt\/revista\/mais-informacoes\/quando-comecam-as-aulas\/#primaryimage"},"image":{"@id":"https:\/\/juvigo.pt\/revista\/mais-informacoes\/quando-comecam-as-aulas\/#primaryimage"},"thumbnailUrl":"https:\/\/juvigo.pt\/revista\/wp-content\/uploads\/2025\/07\/quando-comecam-aulas-material.jpg","datePublished":"2025-07-31T14:22:41+00:00","dateModified":"2025-07-31T14:22:44+00:00","description":"Quando come\u00e7am as aulas? V\u00ea as datas, prepara o regresso \u00e0 escola e aproveita ideias para ocupar os dias at\u00e9 setembro.","breadcrumb":{"@id":"https:\/\/juvigo.pt\/revista\/mais-informacoes\/quando-comecam-as-aulas\/#breadcrumb"},"inLanguage":"pt","potentialAction":[{"@type":"ReadAction","target":["https:\/\/juvigo.pt\/revista\/mais-informacoes\/quando-comecam-as-aulas\/"]}]},{"@type":"ImageObject","inLanguage":"pt","@id":"https:\/\/juvigo.pt\/revista\/mais-informacoes\/quando-comecam-as-aulas\/#primaryimage","url":"https:\/\/juvigo.pt\/revista\/wp-content\/uploads\/2025\/07\/quando-comecam-aulas-material.jpg","contentUrl":"https:\/\/juvigo.pt\/revista\/wp-content\/uploads\/2025\/07\/quando-comecam-aulas-material.jpg","width":1500,"height":1000},{"@type":"BreadcrumbList","@id":"https:\/\/juvigo.pt\/revista\/mais-informacoes\/quando-comecam-as-aulas\/#breadcrumb","itemListElement":[{"@type":"ListItem","position":1,"name":"Juvigo Revista","item":"https:\/\/juvigo.pt\/revista\/"},{"@type":"ListItem","position":2,"name":"Mais informa\u00e7\u00f5es","item":"https:\/\/juvigo.pt\/revista\/mais-informacoes\/"},{"@type":"ListItem","position":3,"name":"Quando come\u00e7am as aulas?"}]},{"@type":"WebSite","@id":"https:\/\/juvigo.pt\/revista\/#website","url":"https:\/\/juvigo.pt\/revista\/","name":"Juvigo Revista","description":"A revista Juvigo de Campos de f\u00e9rias, Col\u00f3nias de f\u00e9rias e Cursos de L\u00ednguas","publisher":{"@id":"https:\/\/juvigo.pt\/revista\/#organization"},"potentialAction":[{"@type":"SearchAction","target":{"@type":"EntryPoint","urlTemplate":"https:\/\/juvigo.pt\/revista\/?s={search_term_string}"},"query-input":{"@type":"PropertyValueSpecification","valueRequired":true,"valueName":"search_term_string"}}],"inLanguage":"pt"},{"@type":"Organization","@id":"https:\/\/juvigo.pt\/revista\/#organization","name":"Juvigo GmbH","url":"https:\/\/juvigo.pt\/revista\/","logo":{"@type":"ImageObject","inLanguage":"pt","@id":"https:\/\/juvigo.pt\/revista\/#\/schema\/logo\/image\/","url":"https:\/\/juvigo.es\/revista\/wp-content\/uploads\/2022\/02\/magazine_logo_scaled.png","contentUrl":"https:\/\/juvigo.es\/revista\/wp-content\/uploads\/2022\/02\/magazine_logo_scaled.png","width":240,"height":100,"caption":"Juvigo GmbH"},"image":{"@id":"https:\/\/juvigo.pt\/revista\/#\/schema\/logo\/image\/"},"sameAs":["https:\/\/de-de.facebook.com\/meinjuvigo","https:\/\/x.com\/meinjuvigo","http:\/\/instagram.com\/juvigo_de\/"]},{"@type":"Person","@id":"https:\/\/juvigo.pt\/revista\/#\/schema\/person\/a503e7b8a41608cbd9fa8e682ca34bd6","name":"Sara Ven\u00e2ncio","image":{"@type":"ImageObject","inLanguage":"pt","@id":"https:\/\/juvigo.pt\/revista\/#\/schema\/person\/image\/","url":"https:\/\/juvigo.pt\/revista\/wp-content\/uploads\/2019\/02\/favicon.ico","contentUrl":"https:\/\/juvigo.pt\/revista\/wp-content\/uploads\/2019\/02\/favicon.ico","caption":"Sara Ven\u00e2ncio"},"url":"https:\/\/juvigo.pt\/revista\/author\/sara\/"}]}},"author_meta":{"display_name":"Sara Ven\u00e2ncio","author_link":"https:\/\/juvigo.pt\/revista\/author\/sara\/"},"featured_img":"https:\/\/juvigo.pt\/revista\/wp-content\/uploads\/2025\/07\/quando-comecam-aulas-material-300x200.jpg","wps_subtitle":"","coauthors":[],"tax_additional":{"categories":{"linked":["<a href=\"https:\/\/juvigo.pt\/revista\/mais-informacoes\/\" class=\"advgb-post-tax-term\">Mais informa\u00e7\u00f5es<\/a>"],"unlinked":["<span class=\"advgb-post-tax-term\">Mais informa\u00e7\u00f5es<\/span>"]}},"comment_count":"0","relative_dates":{"created":"Posted 9 meses ago","modified":"Updated 9 meses ago"},"absolute_dates":{"created":"Posted on 31.07.2025","modified":"Updated on 31.07.2025"},"absolute_dates_time":{"created":"Posted on 31.07.2025 15:22","modified":"Updated on 31.07.2025 15:22"},"featured_img_caption":"","series_order":"","_links":{"self":[{"href":"https:\/\/juvigo.pt\/revista\/wp-json\/wp\/v2\/posts\/9555","targetHints":{"allow":["GET"]}}],"collection":[{"href":"https:\/\/juvigo.pt\/revista\/wp-json\/wp\/v2\/posts"}],"about":[{"href":"https:\/\/juvigo.pt\/revista\/wp-json\/wp\/v2\/types\/post"}],"author":[{"embeddable":true,"href":"https:\/\/juvigo.pt\/revista\/wp-json\/wp\/v2\/users\/25"}],"replies":[{"embeddable":true,"href":"https:\/\/juvigo.pt\/revista\/wp-json\/wp\/v2\/comments?post=9555"}],"version-history":[{"count":30,"href":"https:\/\/juvigo.pt\/revista\/wp-json\/wp\/v2\/posts\/9555\/revisions"}],"predecessor-version":[{"id":9620,"href":"https:\/\/juvigo.pt\/revista\/wp-json\/wp\/v2\/posts\/9555\/revisions\/9620"}],"wp:featuredmedia":[{"embeddable":true,"href":"https:\/\/juvigo.pt\/revista\/wp-json\/wp\/v2\/media\/9559"}],"wp:attachment":[{"href":"https:\/\/juvigo.pt\/revista\/wp-json\/wp\/v2\/media?parent=9555"}],"wp:term":[{"taxonomy":"category","embeddable":true,"href":"https:\/\/juvigo.pt\/revista\/wp-json\/wp\/v2\/categories?post=9555"},{"taxonomy":"post_tag","embeddable":true,"href":"https:\/\/juvigo.pt\/revista\/wp-json\/wp\/v2\/tags?post=9555"},{"taxonomy":"table_tags","embeddable":true,"href":"https:\/\/juvigo.pt\/revista\/wp-json\/wp\/v2\/table_tags?post=9555"}],"curies":[{"name":"wp","href":"https:\/\/api.w.org\/{rel}","templated":true}]}}