{"id":9315,"date":"2025-02-14T12:17:14","date_gmt":"2025-02-14T12:17:14","guid":{"rendered":"https:\/\/juvigo.pt\/revista\/?p=9315"},"modified":"2025-02-14T12:17:15","modified_gmt":"2025-02-14T12:17:15","slug":"entrevista-com-antonio-do-ymca","status":"publish","type":"post","link":"https:\/\/juvigo.pt\/revista\/mais-informacoes\/entrevista-com-antonio-do-ymca\/","title":{"rendered":"Entrevista com Ant\u00f3nio do YMCA"},"content":{"rendered":"\n<p><strong>Como \u00e9 que surgiu a ideia do YMCA?&nbsp;<\/strong><\/p>\n\n\n\n<p>O YMCA \u00e9 um movimento global com quase 200 anos de hist\u00f3ria e presen\u00e7a nos cinco continentes. Em 1874, foi uma das primeiras entidades a organizar campos de f\u00e9rias a n\u00edvel mundial, tornando-se um verdadeiro precursor deste conceito. O seu impacto e legado continuam a influenciar a forma como os campos de f\u00e9rias s\u00e3o estruturados at\u00e9 hoje.<\/p>\n\n\n\n<p><strong>O que torna o YMCA \u00fanico e distinto dos outros campos de f\u00e9rias?&nbsp;<\/strong><\/p>\n\n\n\n<p>O que torna o YMCA \u00fanico \u00e9 a sua capacidade de manter viva a ess\u00eancia dos campos de f\u00e9rias ao longo do tempo, sem perder de vista a evolu\u00e7\u00e3o natural das necessidades atuais. Embora muita coisa tenha mudado desde 1874, continuamos fi\u00e9is \u00e0 nossa miss\u00e3o: proporcionar um forte contacto com a natureza e incentivar a socializa\u00e7\u00e3o genu\u00edna entre os participantes. Al\u00e9m disso, temos um compromisso firme com a sustentabilidade. Sempre que poss\u00edvel, eliminamos elementos que n\u00e3o sejam ambientalmente respons\u00e1veis. Neste momento, estamos a substituir as tradicionais tendas de campanha por estruturas de madeira, refor\u00e7ando ainda mais a nossa identidade ecol\u00f3gica. Esse compromisso com a tradi\u00e7\u00e3o, inova\u00e7\u00e3o e sustentabilidade \u00e9 o que realmente nos diferencia.<\/p>\n\n\n\n<p><strong>Qual \u00e9 o maior desafio que os campos de f\u00e9rias desportivos enfrentam atualmente?&nbsp;<\/strong><\/p>\n\n\n\n<p>Acredito que o maior desafio, na verdade, \u00e9 um desafio positivo. Ap\u00f3s a pandemia, os campos de f\u00e9rias enfrentaram uma grande quebra, e lembro-me de que, naquela altura, apenas n\u00f3s e mais alguns locais mantivemos a atividade. Hoje, felizmente, a realidade \u00e9 diferente: h\u00e1 uma oferta cada vez maior, dando \u00e0s fam\u00edlias e aos jovens mais op\u00e7\u00f5es para escolher o tipo de campo de f\u00e9rias que melhor se adapta \u00e0s suas prefer\u00eancias. O verdadeiro desafio est\u00e1 exatamente nessa diversidade crescente \u2013 destacar-nos num cen\u00e1rio com tantas alternativas. Mas, ao mesmo tempo, isso tamb\u00e9m \u00e9 uma oportunidade para continuarmos a evoluir e a refor\u00e7ar aquilo que nos torna \u00fanicos.<\/p>\n\n\n\n<p><strong>Como \u00e9 que a YMCA adapta os seus programas \u00e0s necessidades dos jovens de hoje em dia?&nbsp;<\/strong><\/p>\n\n\n\n<p>No final de cada turno, realizamos um question\u00e1rio de avalia\u00e7\u00e3o que \u00e9 preenchido pelos jovens e, posteriormente, pelas suas fam\u00edlias. Al\u00e9m disso, recolhemos feedback ao longo do pr\u00f3prio campo, incluindo o contributo de jovens monitores que v\u00eam de fora. Com base nessas opini\u00f5es, ajustamos continuamente a experi\u00eancia do campo de f\u00e9rias, garantindo que evolu\u00edmos sem nunca perder a nossa ess\u00eancia: a liga\u00e7\u00e3o com a natureza, o tempo e o espa\u00e7o para brincar, e a oportunidade de cada crian\u00e7a se conhecer melhor a si mesma.<\/p>\n\n\n\n<p><strong>Como \u00e9 que \u00e9 um dia t\u00edpico de trabalho para si no campo de f\u00e9rias?&nbsp;<\/strong><\/p>\n\n\n\n<p>\u00c9 um dia agradavelmente cansativo. Felizmente, a maioria das crian\u00e7as e jovens demonstra bastante autonomia, o que nos permite n\u00e3o s\u00f3 acompanh\u00e1-los, mas tamb\u00e9m participar em algumas atividades com eles. Al\u00e9m disso, temos a oportunidade de servir de exemplo para os jovens, e essa \u00e9, sem d\u00favida, uma das partes mais gratificantes do campo.<\/p>\n\n\n\n<p><strong>Como descreveria o sucesso do campo de f\u00e9rias at\u00e9 agora?&nbsp;<\/strong><\/p>\n\n\n\n<p>Estamos num caminho de crescimento e melhoria cont\u00ednua, aprendendo a cada passo. Atualmente, o nosso campo de f\u00e9rias tem um posicionamento pouco comum, marcado pela vis\u00e3o global da YMCA. Uma das nossas grandes preocupa\u00e7\u00f5es \u00e9 acompanhar esta nova realidade de fam\u00edlias que v\u00eam trabalhar para Portugal e que procuram um espa\u00e7o onde os seus filhos possam n\u00e3o s\u00f3 divertir-se, mas tamb\u00e9m ter contacto com a cultura e a l\u00edngua portuguesa.<\/p>\n\n\n\n<p>Os nossos campos de f\u00e9rias s\u00e3o bil\u00edngues, o que cria uma din\u00e2mica enriquecedora tanto para crian\u00e7as estrangeiras como para portuguesas. No \u00faltimo campo, 30% dos participantes eram de fora do pa\u00eds, o que proporcionou uma excelente oportunidade para a troca cultural. Os jovens portugueses desenvolvem o ingl\u00eas, enquanto os participantes internacionais aceleram a aprendizagem do portugu\u00eas, comunicando e integrando-se naturalmente. Esta abordagem diferenciadora \u00e9, sem d\u00favida, uma das nossas grandes marcas.<\/p>\n\n\n\n<p><strong>Onde \u00e9 que v\u00ea a YMCA daqui a cinco anos? H\u00e1 algum projeto em vista que tenham para o futuro?&nbsp;<\/strong><\/p>\n\n\n\n<p>Daqui a cinco anos, a YMCA pretende tornar o campo de f\u00e9rias na NASA mais acess\u00edvel a um maior n\u00famero de pessoas, uma vez que, atualmente, os valores s\u00e3o bastante elevados. O nosso objetivo \u00e9 reduzir essa barreira para que mais crian\u00e7as e jovens possam viver essa experi\u00eancia \u00fanica.<\/p>\n\n\n\n<p>Al\u00e9m disso, queremos consolidar o nosso campo na Arr\u00e1bida com um forte compromisso ecol\u00f3gico, eliminando ao m\u00e1ximo o uso de pl\u00e1stico e substituindo-o por materiais sustent\u00e1veis, como a madeira.<\/p>\n\n\n\n<p>Tamb\u00e9m prevemos um crescimento moderado, na ordem dos 10% no n\u00famero de participantes, sempre com o cuidado de preservar o ambiente familiar que nos caracteriza. Queremos garantir que todas as crian\u00e7as criam la\u00e7os, conhecem os monitores e se sentem verdadeiramente parte da comunidade do campo.<\/p>\n\n\n\n<p>O nosso futuro passa, portanto, por dois grandes pilares: tornar os campos de f\u00e9rias mais acess\u00edveis e refor\u00e7ar o nosso compromisso com a sustentabilidade.<\/p>\n\n\n\n<p><strong>O que difere a parceria com o Juvigo das demais?&nbsp;<\/strong><\/p>\n\n\n\n<p>Desde o primeiro momento, o Juvigo tem sido um parceiro verdadeiramente valioso. Isto significa que existe um di\u00e1logo constante e uma vontade m\u00fatua de encontrar entendimentos e solu\u00e7\u00f5es.<\/p>\n\n\n\n<p>Tenho notado que o Juvigo tem acompanhado a evolu\u00e7\u00e3o da Juvigo nesta \u00e1rea e tem sido um parceiro ativo, nomeadamente no desenvolvimento do nosso sistema de recolha de inscri\u00e7\u00f5es, no qual tamb\u00e9m est\u00e1 envolvido. O mais positivo desta colabora\u00e7\u00e3o \u00e9 precisamente essa abordagem construtiva \u2013 em vez de se focar em obst\u00e1culos, o Juvigo ajuda-nos a encontrar solu\u00e7\u00f5es sempre que propomos uma inova\u00e7\u00e3o.<\/p>\n\n\n\n<p>Sinto que esta rela\u00e7\u00e3o funciona de forma rec\u00edproca. Quando nos s\u00e3o sugeridas altera\u00e7\u00f5es, trabalhamos para responder \u00e0s vossas necessidades da melhor forma poss\u00edvel. No final, tem sido uma parceria verdadeiramente \u2018win-win\u2019, onde ambas as partes crescem juntas.<\/p>\n\n\n\n<p><strong>Algumas palavras finais para os nossos leitores?&nbsp;<\/strong><\/p>\n\n\n\n<p>Gostava que todos se lembrassem de que os campos de f\u00e9rias n\u00e3o s\u00e3o apenas lugares, s\u00e3o mem\u00f3rias. O verdadeiro impacto est\u00e1 nas experi\u00eancias vividas e nas liga\u00e7\u00f5es criadas. Vemos isso nas crian\u00e7as que, em apenas uma semana, formam amizades que muitas vezes n\u00e3o acontecem ao longo de um ano escolar \u2013 amizades que perduram para a vida.<\/p>\n\n\n\n<p>No fundo, os campos de f\u00e9rias s\u00e3o isso mesmo: um espa\u00e7o de partilha, descoberta e crescimento, onde as mem\u00f3rias valem muito mais do que o local f\u00edsico onde acontecem.<\/p>\n","protected":false},"excerpt":{"rendered":"<p>Como \u00e9 que surgiu a ideia do YMCA?&nbsp; O YMCA \u00e9 um movimento global com quase 200 anos de hist\u00f3ria e presen\u00e7a nos cinco continentes. Em 1874, foi uma das primeiras entidades a organizar campos de f\u00e9rias a n\u00edvel mundial, tornando-se um verdadeiro precursor deste conceito. O seu impacto e legado continuam a influenciar a [&hellip;]<\/p>\n","protected":false},"author":23,"featured_media":9325,"comment_status":"open","ping_status":"closed","sticky":false,"template":"","format":"standard","meta":{"advgb_blocks_editor_width":"","advgb_blocks_columns_visual_guide":"","footnotes":"","_links_to":"","_links_to_target":""},"categories":[4,38,59,1],"tags":[],"table_tags":[],"class_list":["post-9315","post","type-post","status-publish","format-standard","has-post-thumbnail","hentry","category-entrevistas","category-os-nossos-organizadores","category-especialistas-em-campos-de-ferias","category-mais-informacoes"],"yoast_head":"<!-- This site is optimized with the Yoast SEO plugin v24.8.1 - https:\/\/yoast.com\/wordpress\/plugins\/seo\/ -->\n<title>Entrevista com Ant\u00f3nio do YMCA - Juvigo Revista<\/title>\n<meta name=\"description\" content=\"Os campos de f\u00e9rias da YMCA criam mem\u00f3rias, promovem inclus\u00e3o, sustentabilidade e contacto com a natureza. Descubra mais nesta entrevista!\" \/>\n<meta name=\"robots\" content=\"index, follow, max-snippet:-1, max-image-preview:large, max-video-preview:-1\" \/>\n<link rel=\"canonical\" href=\"https:\/\/juvigo.pt\/revista\/mais-informacoes\/entrevista-com-antonio-do-ymca\/\" \/>\n<meta property=\"og:locale\" content=\"pt_PT\" \/>\n<meta property=\"og:type\" content=\"article\" \/>\n<meta property=\"og:title\" content=\"Entrevista com Ant\u00f3nio do YMCA - Juvigo Revista\" \/>\n<meta property=\"og:description\" content=\"Os campos de f\u00e9rias da YMCA criam mem\u00f3rias, promovem inclus\u00e3o, sustentabilidade e contacto com a natureza. Descubra mais nesta entrevista!\" \/>\n<meta property=\"og:url\" content=\"https:\/\/juvigo.pt\/revista\/mais-informacoes\/entrevista-com-antonio-do-ymca\/\" \/>\n<meta property=\"og:site_name\" content=\"Juvigo Revista\" \/>\n<meta property=\"article:publisher\" content=\"https:\/\/de-de.facebook.com\/meinjuvigo\" \/>\n<meta property=\"article:published_time\" content=\"2025-02-14T12:17:14+00:00\" \/>\n<meta property=\"article:modified_time\" content=\"2025-02-14T12:17:15+00:00\" \/>\n<meta property=\"og:image\" content=\"https:\/\/juvigo.pt\/revista\/wp-content\/uploads\/2025\/02\/antoniio.jpeg\" \/>\n\t<meta property=\"og:image:width\" content=\"670\" \/>\n\t<meta property=\"og:image:height\" content=\"670\" \/>\n\t<meta property=\"og:image:type\" content=\"image\/jpeg\" \/>\n<meta name=\"author\" content=\"Joana\" \/>\n<meta name=\"twitter:card\" content=\"summary_large_image\" \/>\n<meta name=\"twitter:creator\" content=\"@meinjuvigo\" \/>\n<meta name=\"twitter:site\" content=\"@meinjuvigo\" \/>\n<meta name=\"twitter:label1\" content=\"Escrito por\" \/>\n\t<meta name=\"twitter:data1\" content=\"Joana\" \/>\n\t<meta name=\"twitter:label2\" content=\"Tempo estimado de leitura\" \/>\n\t<meta name=\"twitter:data2\" content=\"6 minutos\" \/>\n<script type=\"application\/ld+json\" class=\"yoast-schema-graph\">{\"@context\":\"https:\/\/schema.org\",\"@graph\":[{\"@type\":\"Article\",\"@id\":\"https:\/\/juvigo.pt\/revista\/mais-informacoes\/entrevista-com-antonio-do-ymca\/#article\",\"isPartOf\":{\"@id\":\"https:\/\/juvigo.pt\/revista\/mais-informacoes\/entrevista-com-antonio-do-ymca\/\"},\"author\":{\"name\":\"Joana\",\"@id\":\"https:\/\/juvigo.pt\/revista\/#\/schema\/person\/02e1215b0e8b659b6c41bfad3c698117\"},\"headline\":\"Entrevista com Ant\u00f3nio do YMCA\",\"datePublished\":\"2025-02-14T12:17:14+00:00\",\"dateModified\":\"2025-02-14T12:17:15+00:00\",\"mainEntityOfPage\":{\"@id\":\"https:\/\/juvigo.pt\/revista\/mais-informacoes\/entrevista-com-antonio-do-ymca\/\"},\"wordCount\":1142,\"commentCount\":0,\"publisher\":{\"@id\":\"https:\/\/juvigo.pt\/revista\/#organization\"},\"image\":{\"@id\":\"https:\/\/juvigo.pt\/revista\/mais-informacoes\/entrevista-com-antonio-do-ymca\/#primaryimage\"},\"thumbnailUrl\":\"https:\/\/juvigo.pt\/revista\/wp-content\/uploads\/2025\/02\/antoniio.jpeg\",\"articleSection\":[\"Entrevistas\",\"Os nossos organizadores\",\"Especialistas em campos de f\u00e9rias\",\"Mais informa\u00e7\u00f5es\"],\"inLanguage\":\"pt\",\"potentialAction\":[{\"@type\":\"CommentAction\",\"name\":\"Comment\",\"target\":[\"https:\/\/juvigo.pt\/revista\/mais-informacoes\/entrevista-com-antonio-do-ymca\/#respond\"]}]},{\"@type\":\"WebPage\",\"@id\":\"https:\/\/juvigo.pt\/revista\/mais-informacoes\/entrevista-com-antonio-do-ymca\/\",\"url\":\"https:\/\/juvigo.pt\/revista\/mais-informacoes\/entrevista-com-antonio-do-ymca\/\",\"name\":\"Entrevista com Ant\u00f3nio do YMCA - Juvigo Revista\",\"isPartOf\":{\"@id\":\"https:\/\/juvigo.pt\/revista\/#website\"},\"primaryImageOfPage\":{\"@id\":\"https:\/\/juvigo.pt\/revista\/mais-informacoes\/entrevista-com-antonio-do-ymca\/#primaryimage\"},\"image\":{\"@id\":\"https:\/\/juvigo.pt\/revista\/mais-informacoes\/entrevista-com-antonio-do-ymca\/#primaryimage\"},\"thumbnailUrl\":\"https:\/\/juvigo.pt\/revista\/wp-content\/uploads\/2025\/02\/antoniio.jpeg\",\"datePublished\":\"2025-02-14T12:17:14+00:00\",\"dateModified\":\"2025-02-14T12:17:15+00:00\",\"description\":\"Os campos de f\u00e9rias da YMCA criam mem\u00f3rias, promovem inclus\u00e3o, sustentabilidade e contacto com a natureza. Descubra mais nesta entrevista!\",\"breadcrumb\":{\"@id\":\"https:\/\/juvigo.pt\/revista\/mais-informacoes\/entrevista-com-antonio-do-ymca\/#breadcrumb\"},\"inLanguage\":\"pt\",\"potentialAction\":[{\"@type\":\"ReadAction\",\"target\":[\"https:\/\/juvigo.pt\/revista\/mais-informacoes\/entrevista-com-antonio-do-ymca\/\"]}]},{\"@type\":\"ImageObject\",\"inLanguage\":\"pt\",\"@id\":\"https:\/\/juvigo.pt\/revista\/mais-informacoes\/entrevista-com-antonio-do-ymca\/#primaryimage\",\"url\":\"https:\/\/juvigo.pt\/revista\/wp-content\/uploads\/2025\/02\/antoniio.jpeg\",\"contentUrl\":\"https:\/\/juvigo.pt\/revista\/wp-content\/uploads\/2025\/02\/antoniio.jpeg\",\"width\":670,\"height\":670},{\"@type\":\"BreadcrumbList\",\"@id\":\"https:\/\/juvigo.pt\/revista\/mais-informacoes\/entrevista-com-antonio-do-ymca\/#breadcrumb\",\"itemListElement\":[{\"@type\":\"ListItem\",\"position\":1,\"name\":\"Juvigo Revista\",\"item\":\"https:\/\/juvigo.pt\/revista\/\"},{\"@type\":\"ListItem\",\"position\":2,\"name\":\"Mais informa\u00e7\u00f5es\",\"item\":\"https:\/\/juvigo.pt\/revista\/mais-informacoes\/\"},{\"@type\":\"ListItem\",\"position\":3,\"name\":\"Entrevista com Ant\u00f3nio do YMCA\"}]},{\"@type\":\"WebSite\",\"@id\":\"https:\/\/juvigo.pt\/revista\/#website\",\"url\":\"https:\/\/juvigo.pt\/revista\/\",\"name\":\"Juvigo Revista\",\"description\":\"A revista Juvigo de Campos de f\u00e9rias, Col\u00f3nias de f\u00e9rias e Cursos de L\u00ednguas\",\"publisher\":{\"@id\":\"https:\/\/juvigo.pt\/revista\/#organization\"},\"potentialAction\":[{\"@type\":\"SearchAction\",\"target\":{\"@type\":\"EntryPoint\",\"urlTemplate\":\"https:\/\/juvigo.pt\/revista\/?s={search_term_string}\"},\"query-input\":{\"@type\":\"PropertyValueSpecification\",\"valueRequired\":true,\"valueName\":\"search_term_string\"}}],\"inLanguage\":\"pt\"},{\"@type\":\"Organization\",\"@id\":\"https:\/\/juvigo.pt\/revista\/#organization\",\"name\":\"Juvigo GmbH\",\"url\":\"https:\/\/juvigo.pt\/revista\/\",\"logo\":{\"@type\":\"ImageObject\",\"inLanguage\":\"pt\",\"@id\":\"https:\/\/juvigo.pt\/revista\/#\/schema\/logo\/image\/\",\"url\":\"https:\/\/juvigo.es\/revista\/wp-content\/uploads\/2022\/02\/magazine_logo_scaled.png\",\"contentUrl\":\"https:\/\/juvigo.es\/revista\/wp-content\/uploads\/2022\/02\/magazine_logo_scaled.png\",\"width\":240,\"height\":100,\"caption\":\"Juvigo GmbH\"},\"image\":{\"@id\":\"https:\/\/juvigo.pt\/revista\/#\/schema\/logo\/image\/\"},\"sameAs\":[\"https:\/\/de-de.facebook.com\/meinjuvigo\",\"https:\/\/x.com\/meinjuvigo\",\"http:\/\/instagram.com\/juvigo_de\/\"]},{\"@type\":\"Person\",\"@id\":\"https:\/\/juvigo.pt\/revista\/#\/schema\/person\/02e1215b0e8b659b6c41bfad3c698117\",\"name\":\"Joana\",\"image\":{\"@type\":\"ImageObject\",\"inLanguage\":\"pt\",\"@id\":\"https:\/\/juvigo.pt\/revista\/#\/schema\/person\/image\/\",\"url\":\"https:\/\/juvigo.pt\/revista\/wp-content\/uploads\/2024\/10\/Joana-Vargas-150x150.jpg\",\"contentUrl\":\"https:\/\/juvigo.pt\/revista\/wp-content\/uploads\/2024\/10\/Joana-Vargas-150x150.jpg\",\"caption\":\"Joana\"},\"url\":\"https:\/\/juvigo.pt\/revista\/author\/joana\/\"}]}<\/script>\n<!-- \/ Yoast SEO plugin. -->","yoast_head_json":{"title":"Entrevista com Ant\u00f3nio do YMCA - Juvigo Revista","description":"Os campos de f\u00e9rias da YMCA criam mem\u00f3rias, promovem inclus\u00e3o, sustentabilidade e contacto com a natureza. Descubra mais nesta entrevista!","robots":{"index":"index","follow":"follow","max-snippet":"max-snippet:-1","max-image-preview":"max-image-preview:large","max-video-preview":"max-video-preview:-1"},"canonical":"https:\/\/juvigo.pt\/revista\/mais-informacoes\/entrevista-com-antonio-do-ymca\/","og_locale":"pt_PT","og_type":"article","og_title":"Entrevista com Ant\u00f3nio do YMCA - Juvigo Revista","og_description":"Os campos de f\u00e9rias da YMCA criam mem\u00f3rias, promovem inclus\u00e3o, sustentabilidade e contacto com a natureza. Descubra mais nesta entrevista!","og_url":"https:\/\/juvigo.pt\/revista\/mais-informacoes\/entrevista-com-antonio-do-ymca\/","og_site_name":"Juvigo Revista","article_publisher":"https:\/\/de-de.facebook.com\/meinjuvigo","article_published_time":"2025-02-14T12:17:14+00:00","article_modified_time":"2025-02-14T12:17:15+00:00","og_image":[{"width":670,"height":670,"url":"https:\/\/juvigo.pt\/revista\/wp-content\/uploads\/2025\/02\/antoniio.jpeg","type":"image\/jpeg"}],"author":"Joana","twitter_card":"summary_large_image","twitter_creator":"@meinjuvigo","twitter_site":"@meinjuvigo","twitter_misc":{"Escrito por":"Joana","Tempo estimado de leitura":"6 minutos"},"schema":{"@context":"https:\/\/schema.org","@graph":[{"@type":"Article","@id":"https:\/\/juvigo.pt\/revista\/mais-informacoes\/entrevista-com-antonio-do-ymca\/#article","isPartOf":{"@id":"https:\/\/juvigo.pt\/revista\/mais-informacoes\/entrevista-com-antonio-do-ymca\/"},"author":{"name":"Joana","@id":"https:\/\/juvigo.pt\/revista\/#\/schema\/person\/02e1215b0e8b659b6c41bfad3c698117"},"headline":"Entrevista com Ant\u00f3nio do YMCA","datePublished":"2025-02-14T12:17:14+00:00","dateModified":"2025-02-14T12:17:15+00:00","mainEntityOfPage":{"@id":"https:\/\/juvigo.pt\/revista\/mais-informacoes\/entrevista-com-antonio-do-ymca\/"},"wordCount":1142,"commentCount":0,"publisher":{"@id":"https:\/\/juvigo.pt\/revista\/#organization"},"image":{"@id":"https:\/\/juvigo.pt\/revista\/mais-informacoes\/entrevista-com-antonio-do-ymca\/#primaryimage"},"thumbnailUrl":"https:\/\/juvigo.pt\/revista\/wp-content\/uploads\/2025\/02\/antoniio.jpeg","articleSection":["Entrevistas","Os nossos organizadores","Especialistas em campos de f\u00e9rias","Mais informa\u00e7\u00f5es"],"inLanguage":"pt","potentialAction":[{"@type":"CommentAction","name":"Comment","target":["https:\/\/juvigo.pt\/revista\/mais-informacoes\/entrevista-com-antonio-do-ymca\/#respond"]}]},{"@type":"WebPage","@id":"https:\/\/juvigo.pt\/revista\/mais-informacoes\/entrevista-com-antonio-do-ymca\/","url":"https:\/\/juvigo.pt\/revista\/mais-informacoes\/entrevista-com-antonio-do-ymca\/","name":"Entrevista com Ant\u00f3nio do YMCA - Juvigo Revista","isPartOf":{"@id":"https:\/\/juvigo.pt\/revista\/#website"},"primaryImageOfPage":{"@id":"https:\/\/juvigo.pt\/revista\/mais-informacoes\/entrevista-com-antonio-do-ymca\/#primaryimage"},"image":{"@id":"https:\/\/juvigo.pt\/revista\/mais-informacoes\/entrevista-com-antonio-do-ymca\/#primaryimage"},"thumbnailUrl":"https:\/\/juvigo.pt\/revista\/wp-content\/uploads\/2025\/02\/antoniio.jpeg","datePublished":"2025-02-14T12:17:14+00:00","dateModified":"2025-02-14T12:17:15+00:00","description":"Os campos de f\u00e9rias da YMCA criam mem\u00f3rias, promovem inclus\u00e3o, sustentabilidade e contacto com a natureza. Descubra mais nesta entrevista!","breadcrumb":{"@id":"https:\/\/juvigo.pt\/revista\/mais-informacoes\/entrevista-com-antonio-do-ymca\/#breadcrumb"},"inLanguage":"pt","potentialAction":[{"@type":"ReadAction","target":["https:\/\/juvigo.pt\/revista\/mais-informacoes\/entrevista-com-antonio-do-ymca\/"]}]},{"@type":"ImageObject","inLanguage":"pt","@id":"https:\/\/juvigo.pt\/revista\/mais-informacoes\/entrevista-com-antonio-do-ymca\/#primaryimage","url":"https:\/\/juvigo.pt\/revista\/wp-content\/uploads\/2025\/02\/antoniio.jpeg","contentUrl":"https:\/\/juvigo.pt\/revista\/wp-content\/uploads\/2025\/02\/antoniio.jpeg","width":670,"height":670},{"@type":"BreadcrumbList","@id":"https:\/\/juvigo.pt\/revista\/mais-informacoes\/entrevista-com-antonio-do-ymca\/#breadcrumb","itemListElement":[{"@type":"ListItem","position":1,"name":"Juvigo Revista","item":"https:\/\/juvigo.pt\/revista\/"},{"@type":"ListItem","position":2,"name":"Mais informa\u00e7\u00f5es","item":"https:\/\/juvigo.pt\/revista\/mais-informacoes\/"},{"@type":"ListItem","position":3,"name":"Entrevista com Ant\u00f3nio do YMCA"}]},{"@type":"WebSite","@id":"https:\/\/juvigo.pt\/revista\/#website","url":"https:\/\/juvigo.pt\/revista\/","name":"Juvigo Revista","description":"A revista Juvigo de Campos de f\u00e9rias, Col\u00f3nias de f\u00e9rias e Cursos de L\u00ednguas","publisher":{"@id":"https:\/\/juvigo.pt\/revista\/#organization"},"potentialAction":[{"@type":"SearchAction","target":{"@type":"EntryPoint","urlTemplate":"https:\/\/juvigo.pt\/revista\/?s={search_term_string}"},"query-input":{"@type":"PropertyValueSpecification","valueRequired":true,"valueName":"search_term_string"}}],"inLanguage":"pt"},{"@type":"Organization","@id":"https:\/\/juvigo.pt\/revista\/#organization","name":"Juvigo GmbH","url":"https:\/\/juvigo.pt\/revista\/","logo":{"@type":"ImageObject","inLanguage":"pt","@id":"https:\/\/juvigo.pt\/revista\/#\/schema\/logo\/image\/","url":"https:\/\/juvigo.es\/revista\/wp-content\/uploads\/2022\/02\/magazine_logo_scaled.png","contentUrl":"https:\/\/juvigo.es\/revista\/wp-content\/uploads\/2022\/02\/magazine_logo_scaled.png","width":240,"height":100,"caption":"Juvigo GmbH"},"image":{"@id":"https:\/\/juvigo.pt\/revista\/#\/schema\/logo\/image\/"},"sameAs":["https:\/\/de-de.facebook.com\/meinjuvigo","https:\/\/x.com\/meinjuvigo","http:\/\/instagram.com\/juvigo_de\/"]},{"@type":"Person","@id":"https:\/\/juvigo.pt\/revista\/#\/schema\/person\/02e1215b0e8b659b6c41bfad3c698117","name":"Joana","image":{"@type":"ImageObject","inLanguage":"pt","@id":"https:\/\/juvigo.pt\/revista\/#\/schema\/person\/image\/","url":"https:\/\/juvigo.pt\/revista\/wp-content\/uploads\/2024\/10\/Joana-Vargas-150x150.jpg","contentUrl":"https:\/\/juvigo.pt\/revista\/wp-content\/uploads\/2024\/10\/Joana-Vargas-150x150.jpg","caption":"Joana"},"url":"https:\/\/juvigo.pt\/revista\/author\/joana\/"}]}},"author_meta":{"display_name":"Joana","author_link":"https:\/\/juvigo.pt\/revista\/author\/joana\/"},"featured_img":"https:\/\/juvigo.pt\/revista\/wp-content\/uploads\/2025\/02\/antoniio-300x300.jpeg","wps_subtitle":"","coauthors":[],"tax_additional":{"categories":{"linked":["<a href=\"https:\/\/juvigo.pt\/revista\/entrevistas\/\" class=\"advgb-post-tax-term\">Entrevistas<\/a>","<a href=\"https:\/\/juvigo.pt\/revista\/entrevistas\/os-nossos-organizadores\/\" class=\"advgb-post-tax-term\">Os nossos organizadores<\/a>","<a href=\"https:\/\/juvigo.pt\/revista\/entrevistas\/especialistas-em-campos-de-ferias\/\" class=\"advgb-post-tax-term\">Especialistas em campos de f\u00e9rias<\/a>","<a href=\"https:\/\/juvigo.pt\/revista\/mais-informacoes\/\" class=\"advgb-post-tax-term\">Mais informa\u00e7\u00f5es<\/a>"],"unlinked":["<span class=\"advgb-post-tax-term\">Entrevistas<\/span>","<span class=\"advgb-post-tax-term\">Os nossos organizadores<\/span>","<span class=\"advgb-post-tax-term\">Especialistas em campos de f\u00e9rias<\/span>","<span class=\"advgb-post-tax-term\">Mais informa\u00e7\u00f5es<\/span>"]}},"comment_count":"0","relative_dates":{"created":"Posted 1 ano ago","modified":"Updated 1 ano ago"},"absolute_dates":{"created":"Posted on 14.02.2025","modified":"Updated on 14.02.2025"},"absolute_dates_time":{"created":"Posted on 14.02.2025 12:17","modified":"Updated on 14.02.2025 12:17"},"featured_img_caption":"","series_order":"","_links":{"self":[{"href":"https:\/\/juvigo.pt\/revista\/wp-json\/wp\/v2\/posts\/9315","targetHints":{"allow":["GET"]}}],"collection":[{"href":"https:\/\/juvigo.pt\/revista\/wp-json\/wp\/v2\/posts"}],"about":[{"href":"https:\/\/juvigo.pt\/revista\/wp-json\/wp\/v2\/types\/post"}],"author":[{"embeddable":true,"href":"https:\/\/juvigo.pt\/revista\/wp-json\/wp\/v2\/users\/23"}],"replies":[{"embeddable":true,"href":"https:\/\/juvigo.pt\/revista\/wp-json\/wp\/v2\/comments?post=9315"}],"version-history":[{"count":1,"href":"https:\/\/juvigo.pt\/revista\/wp-json\/wp\/v2\/posts\/9315\/revisions"}],"predecessor-version":[{"id":9316,"href":"https:\/\/juvigo.pt\/revista\/wp-json\/wp\/v2\/posts\/9315\/revisions\/9316"}],"wp:featuredmedia":[{"embeddable":true,"href":"https:\/\/juvigo.pt\/revista\/wp-json\/wp\/v2\/media\/9325"}],"wp:attachment":[{"href":"https:\/\/juvigo.pt\/revista\/wp-json\/wp\/v2\/media?parent=9315"}],"wp:term":[{"taxonomy":"category","embeddable":true,"href":"https:\/\/juvigo.pt\/revista\/wp-json\/wp\/v2\/categories?post=9315"},{"taxonomy":"post_tag","embeddable":true,"href":"https:\/\/juvigo.pt\/revista\/wp-json\/wp\/v2\/tags?post=9315"},{"taxonomy":"table_tags","embeddable":true,"href":"https:\/\/juvigo.pt\/revista\/wp-json\/wp\/v2\/table_tags?post=9315"}],"curies":[{"name":"wp","href":"https:\/\/api.w.org\/{rel}","templated":true}]}}