{"id":9224,"date":"2024-12-27T10:10:50","date_gmt":"2024-12-27T10:10:50","guid":{"rendered":"https:\/\/juvigo.pt\/revista\/?p=9224"},"modified":"2025-02-06T08:51:02","modified_gmt":"2025-02-06T08:51:02","slug":"entrevista-com-rita-e-jorge-da-quinta-da-escola","status":"publish","type":"post","link":"https:\/\/juvigo.pt\/revista\/entrevistas\/entrevista-com-rita-e-jorge-da-quinta-da-escola\/","title":{"rendered":"Entrevista com Rita e Jorge da Quinta da Escola"},"content":{"rendered":"\n<p><\/p>\n\n\n\n<p><strong>Como surgiu a ideia da Quinta da Escola<\/strong><strong>?<\/strong><\/p>\n\n\n\n<p>A Quinta da Escola foi criada em 2008 como parte de um projeto da Coopescola, um col\u00e9gio em Lisboa. A ideia inicial era estabelecer um centro de educa\u00e7\u00e3o ambiental ligado \u00e0 escola, onde os alunos pudessem ter aulas num ambiente natural, fora do contexto tradicional de sala de aula.<\/p>\n\n\n\n<p>O espa\u00e7o come\u00e7ou por ser exclusivo para a Coopescola durante o ano letivo, mas, com o tempo, foi aberto a outras escolas. Mais tarde, passou tamb\u00e9m a ser utilizado para programas de f\u00e9rias durante o ver\u00e3o.<\/p>\n\n\n\n<p>At\u00e9 ao ano passado, a gest\u00e3o da Quinta estava a cargo da Coopescola. Contudo, em mar\u00e7o deste ano, houve uma mudan\u00e7a de ger\u00eancia. N\u00f3s, que j\u00e1 trabalh\u00e1vamos em parceria com a Coopescola, assumimos a gest\u00e3o do espa\u00e7o. Eu, os outros coordenadores e mais dois s\u00f3cios adquirimos a Quinta, e agora somos n\u00f3s os respons\u00e1veis pela sua administra\u00e7\u00e3o.<\/p>\n\n\n\n<p><strong>O que torna a Quinta da Escola \u00fanica e a distingue de outros campos de f\u00e9rias?<\/strong><\/p>\n\n\n\n<p>Acreditamos que o grande diferencial da Quinta da Escola est\u00e1 nas pessoas que aqui trabalham e nos momentos que proporcionamos aos mi\u00fados. Esfor\u00e7amo-nos por oferecer as melhores atividades, infraestruturas adequadas e, acima de tudo, uma abordagem \u00fanica na forma de trabalhar.<\/p>\n\n\n\n<p>Al\u00e9m disso, estamos localizados no Parque Natural da Serra de Aire e Candeeiros, um local \u00fanico em Portugal, que permite uma verdadeira conex\u00e3o com a natureza. Num mundo em que as crian\u00e7as est\u00e3o frequentemente imersas na tecnologia e no ritmo acelerado das cidades, proporcionamos um espa\u00e7o onde podem desacelerar e explorar o ambiente natural.<\/p>\n\n\n\n<p>Tamb\u00e9m valorizamos a intera\u00e7\u00e3o com a comunidade local, como os jogos realizados na aldeia e o contacto com os mais idosos, o que enriquece ainda mais a experi\u00eancia. Tudo isto contribui para criar um ambiente especial e verdadeiramente diferenciador.<\/p>\n\n\n\n<p><strong>Na vossa opini\u00e3o, qual \u00e9 o maior desafio que os campos de f\u00e9rias enfrentam atualmente?<\/strong><\/p>\n\n\n\n<p>Acho que o maior desafio \u00e9 manter os custos de gest\u00e3o dos campos de f\u00e9rias acess\u00edveis, de forma a evitar pre\u00e7os que excluam muitas crian\u00e7as de participar. Atualmente, alcan\u00e7ar este objetivo \u00e9 mais dif\u00edcil. No passado, o n\u00edvel de vida em Portugal permitia que mais fam\u00edlias tivessem condi\u00e7\u00f5es financeiras para inscrever os seus filhos. Agora, embora haja maior divulga\u00e7\u00e3o, as possibilidades econ\u00f3micas s\u00e3o mais limitadas, e os campos de f\u00e9rias acabam por ser, infelizmente, uma experi\u00eancia mais acess\u00edvel a fam\u00edlias de um n\u00edvel socioecon\u00f3mico elevado.<\/p>\n\n\n\n<p>Antigamente, as empresas envolviam-se mais em proporcionar col\u00f3nias de f\u00e9rias para os filhos dos seus trabalhadores. Apesar de vermos um ligeiro regresso dessa pr\u00e1tica ap\u00f3s a pandemia, ainda est\u00e1 longe de ser como era. Por exemplo, eu e o Jorge crescemos a participar em col\u00f3nias de f\u00e9rias organizadas pelas empresas dos nossos pais. Hoje em dia, temos muitos particulares como clientes, mas isso refor\u00e7a o desafio de tornar os campos de f\u00e9rias mais acess\u00edveis a todos.<\/p>\n\n\n\n<p>Outro desafio, mais interno, est\u00e1 relacionado com a forma como trabalhamos aqui. Uma das nossas regras \u00e9 que os mi\u00fados n\u00e3o usem telem\u00f3veis durante o dia. Para aqueles que j\u00e1 participam h\u00e1 anos, isto n\u00e3o \u00e9 um problema pois entregam os telem\u00f3veis de boa vontade. Mas para os novos participantes, especialmente os mais velhos, pode ser dif\u00edcil desconectar-se do digital e mergulhar completamente na experi\u00eancia do campo de f\u00e9rias.<\/p>\n\n\n\n<p>Enviamos esta regra com anteced\u00eancia, no e-mail de prepara\u00e7\u00e3o, para que as fam\u00edlias saibam o que esperar. Explicamos que h\u00e1 uma hora definida para o uso do telem\u00f3vel, normalmente entre as 18h30 e as 20h, durante o hor\u00e1rio dos banhos. Fora desse per\u00edodo, os telem\u00f3veis n\u00e3o est\u00e3o dispon\u00edveis. Apesar de alguma resist\u00eancia inicial por parte de alguns, os mi\u00fados acabam por aceitar a regra e aproveitar a experi\u00eancia. No final, conseguimos superar este desafio e mostrar-lhes os benef\u00edcios de se desligarem da tecnologia<\/p>\n\n\n\n<p><strong>Como \u00e9 que a <\/strong><strong>Quinta da Escola<\/strong><strong> adapta os seus programas \u00e0s necessidades dos jovens de hoje em dia?<\/strong><\/p>\n\n\n\n<p>Uma das nossas abordagens, que partilhamos frequentemente em conversas com os pais e em reuni\u00f5es com empresas, \u00e9 a flexibilidade do nosso programa. Embora tenhamos um programa base, ele raramente \u00e9 seguido \u00e0 risca. Porqu\u00ea? Porque s\u00f3 conseguimos avaliar as caracter\u00edsticas do grupo, como idade, personalidade, cultura e din\u00e2mica, quando eles chegam.<\/p>\n\n\n\n<p>Com base nessa avalia\u00e7\u00e3o, ajustamos o programa diariamente. Levamos em conta fatores como o n\u00edvel de cansa\u00e7o, a meteorologia e as necessidades espec\u00edficas do grupo, para garantir que as atividades sejam sempre adequadas e eficazes.<\/p>\n\n\n\n<p>Por exemplo, atualmente estamos a trabalhar com um grupo de crian\u00e7as chinesas, e o programa foi ajustado para responder \u00e0s particularidades culturais e interesses deste grupo. Este tipo de flexibilidade permite-nos proporcionar uma experi\u00eancia personalizada e enriquecedora, independentemente do grupo que recebemos<\/p>\n\n\n\n<p><strong>Como \u00e9 um dia t\u00edpico de trabalho para voc\u00eas no campo de f\u00e9rias?<\/strong><\/p>\n\n\n\n<p>O nosso dia come\u00e7a com o pequeno-almo\u00e7o, habitualmente \u00e0s 9h30. Depois disso, temos o \u201csoltar a franga\u201d, uma atividade de aquecimento matinal que dura cerca de 10 a 15 minutos, para ativar os mi\u00fados e prepar\u00e1-los para o dia.<\/p>\n\n\n\n<p>De seguida, realizamos a atividade da manh\u00e3. No caso das col\u00f3nias de ver\u00e3o, antes do almo\u00e7o costumamos dar um mergulho na piscina. Se for noutra altura do ano, optamos por tempo livre, com jogos como matraquilhos, ping-pong ou outras atividades mais descontra\u00eddas.<\/p>\n\n\n\n<p>Este tempo livre reflete a nossa filosofia de trabalho: queremos que os mi\u00fados tenham a oportunidade de decidir o que fazer. Sentimos que, hoje em dia, as crian\u00e7as est\u00e3o constantemente orientadas, sem espa\u00e7o para explorar a sua criatividade ou autonomia. Por isso, fazemos quest\u00e3o de incluir momentos em que possam brincar sozinhos ou em grupo, sem orienta\u00e7\u00e3o direta, desenvolvendo a capacidade de serem independentes.<\/p>\n\n\n\n<p>Depois disso, almo\u00e7amos, seguido de mais um per\u00edodo de tempo livre. \u00c0 tarde, realizamos duas atividades principais, com um lanche a meio. No ver\u00e3o, uma dessas atividades pode ser na piscina. Ap\u00f3s as atividades, temos a hora dos banhos, seguida do jantar. \u00c0 noite, organizamos uma atividade noturna, encerrando o dia com uma ceia antes de dormir.<\/p>\n\n\n\n<p><strong>Como descreveriam o sucesso do campo de f\u00e9rias at\u00e9 agora?<\/strong><\/p>\n\n\n\n<p>Acredito que a Quinta est\u00e1 a crescer de forma sustentada. O nosso campo de f\u00e9rias come\u00e7ou como algo muito pequeno. Antes de assumirmos a gest\u00e3o, chegou a ter turnos com apenas 10 ou 12 participantes. Agora, temos conseguido crescer de forma equilibrada e sustent\u00e1vel.<\/p>\n\n\n\n<p>No ver\u00e3o, atingimos sempre a capacidade m\u00e1xima do campo, o que \u00e9 muito positivo. No entanto, o nosso pr\u00f3ximo desafio \u00e9 preencher a \u00e9poca baixa com atividades adicionais, para maximizar a utiliza\u00e7\u00e3o do espa\u00e7o durante todo o ano.<\/p>\n\n\n\n<p>No geral, considero que o crescimento tem sido bem sucedido e sustentado, com um planeamento cuidadoso e resultados positivos. Trabalhamos muito dentro da escola porque, at\u00e9 agora, tem sido dif\u00edcil expandir esta vis\u00e3o para fora.<\/p>\n\n\n\n<p><strong>Como imaginam a Quinta da Escola nos pr\u00f3ximos 5 anos?<\/strong> <strong>Algum projeto em vista?<\/strong><\/p>\n\n\n\n<p>Atualmente, j\u00e1 temos v\u00e1rios projetos em funcionamento ao longo do pa\u00eds. Trabalhamos na Figueira da Foz, na Costa da Caparica e no Porto durante todo o ano. \u00c0 medida que surgem novas parcerias, estamos abertos a expandir para outras regi\u00f5es, sempre com o foco em colaborar.<\/p>\n\n\n\n<p>Acreditamos que o crescimento acontece em conjunto. N\u00e3o fazemos nada sozinhos, e as parcerias certas s\u00e3o fundamentais para crescermos de forma sustent\u00e1vel. Quando conseguimos crescer e os nossos parceiros tamb\u00e9m, todos beneficiamos. No setor dos campos de f\u00e9rias em Portugal, sinto que h\u00e1 espa\u00e7o para todos. N\u00e3o encaramos outras entidades como concorr\u00eancia direta, porque, se todos estivermos cheios, \u00e9 uma concorr\u00eancia saud\u00e1vel. Neste momento, vejo que h\u00e1 uma procura suficiente para todos os campos de f\u00e9rias funcionarem a pleno.<\/p>\n\n\n\n<p>Quanto ao futuro, imagino a Quinta da Escola com mais parcerias, a crescer e a estar presente em v\u00e1rias zonas do pa\u00eds, e quem sabe, at\u00e9 no estrangeiro. Mas, acima de tudo, queremos manter a nossa filosofia: impactar os mi\u00fados de forma positiva e contribuir para o seu crescimento e educa\u00e7\u00e3o.<\/p>\n\n\n\n<p>A nossa miss\u00e3o n\u00e3o \u00e9 apenas proporcionar divers\u00e3o, mas sim divers\u00e3o com conte\u00fado. Queremos que, daqui a cinco anos, os mi\u00fados que hoje participam nos nossos campos, e que nessa altura ser\u00e3o jovens adultos, sejam boas pessoas. E esperamos que a Quinta da Escola tenha desempenhado um papel positivo nesse crescimento.<\/p>\n\n\n\n<p><strong>O que difere a parceria com a Juvigo das demais?<\/strong><\/p>\n\n\n\n<p>A parceria com a Juvigo trouxe-nos, acima de tudo, culturas e contextos diferentes. Como voc\u00eas trabalham com o estrangeiro, temos recebido muitos mi\u00fados de outras nacionalidades, o que \u00e9 um excelente contributo para as nossas col\u00f3nias de f\u00e9rias. Antes dessa parceria, o nosso p\u00fablico era maioritariamente nacional. Agora, com a vinda de crian\u00e7as de diferentes origens, n\u00e3o s\u00f3 ampliamos os nossos horizontes enquanto equipa, mas tamb\u00e9m proporcionamos aos mi\u00fados a oportunidade de conhecer outras realidades al\u00e9m da sua.<\/p>\n\n\n\n<p>Al\u00e9m disso, valorizamos a forma como a Juvigo trabalha connosco. Voc\u00eas respeitam a nossa maneira de operar, sem impor mudan\u00e7as, e t\u00eam promovido a Quinta da Escola de forma aut\u00eantica, sem exageros. Essa abordagem transparente reflete-se nas avalia\u00e7\u00f5es positivas que temos recebido, como nas reuni\u00f5es realizadas com o Miguel.<\/p>\n\n\n\n<p>Portanto, sentimos que esta parceria \u00e9 muito positiva e acreditamos que estamos no caminho certo. \u00c9 continuar a trabalhar juntos, mantendo este esp\u00edrito de colabora\u00e7\u00e3o e autenticidade.<\/p>\n\n\n\n<p><strong>Algumas palavras finais para os nossos leitores?<\/strong><\/p>\n\n\n\n<p>Entre escolher a Quinta da Escola e outros campos de f\u00e9rias, acho importante que quem venha para c\u00e1 saiba que a nossa principal aposta \u00e9 no capital humano. Trabalhamos para oferecer as melhores atividades poss\u00edveis, mas o nosso verdadeiro foco est\u00e1 na forma\u00e7\u00e3o dos monitores e no acompanhamento personalizado de cada participante.<\/p>\n\n\n\n<p>Pode ser que todos os campos de f\u00e9rias tenham atividades boas ou at\u00e9 excelentes, mas acreditamos que o que realmente nos diferencia \u00e9 o cuidado e a aten\u00e7\u00e3o que damos a cada crian\u00e7a ou jovem que passa por aqui. Queremos garantir n\u00e3o s\u00f3 momentos de divers\u00e3o e atividades incr\u00edveis, mas tamb\u00e9m um acompanhamento pr\u00f3ximo, quase como se estivessem em casa.<\/p>\n\n\n\n<p>Por isso, quem escolhe a Quinta da Escola pode esperar muito mais do que atividades giras. No final do dia, o que nos importa \u00e9 proporcionar uma experi\u00eancia personalizada e humana, garantindo que cada mi\u00fado se sinta acolhido e valorizado.<\/p>\n\n\n\n<p>Queres saber mais sobre os campos de f\u00e9rias da Quinta da Escola? Consulta o nosso <a href=\"https:\/\/juvigo.pt\/parceiro\/quinta-da-escola\" target=\"_blank\" rel=\"noreferrer noopener\">website!<\/a><\/p>\n","protected":false},"excerpt":{"rendered":"<p>Como surgiu a ideia da Quinta da Escola? A Quinta da Escola foi criada em 2008 como parte de um projeto da Coopescola, um col\u00e9gio em Lisboa. A ideia inicial era estabelecer um centro de educa\u00e7\u00e3o ambiental ligado \u00e0 escola, onde os alunos pudessem ter aulas num ambiente natural, fora do contexto tradicional de sala [&hellip;]<\/p>\n","protected":false},"author":23,"featured_media":9226,"comment_status":"open","ping_status":"closed","sticky":false,"template":"","format":"standard","meta":{"advgb_blocks_editor_width":"","advgb_blocks_columns_visual_guide":"","footnotes":"","_links_to":"","_links_to_target":""},"categories":[4],"tags":[],"table_tags":[],"class_list":["post-9224","post","type-post","status-publish","format-standard","has-post-thumbnail","hentry","category-entrevistas"],"yoast_head":"<!-- This site is optimized with the Yoast SEO plugin v24.8.1 - https:\/\/yoast.com\/wordpress\/plugins\/seo\/ -->\n<title>Entrevista com Rita e Jorge da Quinta da Escola - Juvigo Revista<\/title>\n<meta name=\"description\" content=\"Entrevista sobre o crescimento da Quinta da Escola, com foco na forma\u00e7\u00e3o de monitores e na personaliza\u00e7\u00e3o do atendimento no campo de f\u00e9rias.\" \/>\n<meta name=\"robots\" content=\"index, follow, max-snippet:-1, max-image-preview:large, max-video-preview:-1\" \/>\n<link rel=\"canonical\" href=\"https:\/\/juvigo.pt\/revista\/entrevistas\/entrevista-com-rita-e-jorge-da-quinta-da-escola\/\" \/>\n<meta property=\"og:locale\" content=\"pt_PT\" \/>\n<meta property=\"og:type\" content=\"article\" \/>\n<meta property=\"og:title\" content=\"Entrevista com Rita e Jorge da Quinta da Escola - Juvigo Revista\" \/>\n<meta property=\"og:description\" content=\"Entrevista sobre o crescimento da Quinta da Escola, com foco na forma\u00e7\u00e3o de monitores e na personaliza\u00e7\u00e3o do atendimento no campo de f\u00e9rias.\" \/>\n<meta property=\"og:url\" content=\"https:\/\/juvigo.pt\/revista\/entrevistas\/entrevista-com-rita-e-jorge-da-quinta-da-escola\/\" \/>\n<meta property=\"og:site_name\" content=\"Juvigo Revista\" \/>\n<meta property=\"article:publisher\" content=\"https:\/\/de-de.facebook.com\/meinjuvigo\" \/>\n<meta property=\"article:published_time\" content=\"2024-12-27T10:10:50+00:00\" \/>\n<meta property=\"article:modified_time\" content=\"2025-02-06T08:51:02+00:00\" \/>\n<meta property=\"og:image\" content=\"https:\/\/juvigo.pt\/revista\/wp-content\/uploads\/2024\/12\/jpeg.jpg\" \/>\n\t<meta property=\"og:image:width\" content=\"879\" \/>\n\t<meta property=\"og:image:height\" content=\"877\" \/>\n\t<meta property=\"og:image:type\" content=\"image\/jpeg\" \/>\n<meta name=\"author\" content=\"Joana\" \/>\n<meta name=\"twitter:card\" content=\"summary_large_image\" \/>\n<meta name=\"twitter:creator\" content=\"@meinjuvigo\" \/>\n<meta name=\"twitter:site\" content=\"@meinjuvigo\" \/>\n<meta name=\"twitter:label1\" content=\"Escrito por\" \/>\n\t<meta name=\"twitter:data1\" content=\"Joana\" \/>\n\t<meta name=\"twitter:label2\" content=\"Tempo estimado de leitura\" \/>\n\t<meta name=\"twitter:data2\" content=\"10 minutos\" \/>\n<script type=\"application\/ld+json\" class=\"yoast-schema-graph\">{\"@context\":\"https:\/\/schema.org\",\"@graph\":[{\"@type\":\"Article\",\"@id\":\"https:\/\/juvigo.pt\/revista\/entrevistas\/entrevista-com-rita-e-jorge-da-quinta-da-escola\/#article\",\"isPartOf\":{\"@id\":\"https:\/\/juvigo.pt\/revista\/entrevistas\/entrevista-com-rita-e-jorge-da-quinta-da-escola\/\"},\"author\":{\"name\":\"Joana\",\"@id\":\"https:\/\/juvigo.pt\/revista\/#\/schema\/person\/02e1215b0e8b659b6c41bfad3c698117\"},\"headline\":\"Entrevista com Rita e Jorge da Quinta da Escola\",\"datePublished\":\"2024-12-27T10:10:50+00:00\",\"dateModified\":\"2025-02-06T08:51:02+00:00\",\"mainEntityOfPage\":{\"@id\":\"https:\/\/juvigo.pt\/revista\/entrevistas\/entrevista-com-rita-e-jorge-da-quinta-da-escola\/\"},\"wordCount\":1860,\"commentCount\":1,\"publisher\":{\"@id\":\"https:\/\/juvigo.pt\/revista\/#organization\"},\"image\":{\"@id\":\"https:\/\/juvigo.pt\/revista\/entrevistas\/entrevista-com-rita-e-jorge-da-quinta-da-escola\/#primaryimage\"},\"thumbnailUrl\":\"https:\/\/juvigo.pt\/revista\/wp-content\/uploads\/2024\/12\/jpeg.jpg\",\"articleSection\":[\"Entrevistas\"],\"inLanguage\":\"pt\",\"potentialAction\":[{\"@type\":\"CommentAction\",\"name\":\"Comment\",\"target\":[\"https:\/\/juvigo.pt\/revista\/entrevistas\/entrevista-com-rita-e-jorge-da-quinta-da-escola\/#respond\"]}]},{\"@type\":\"WebPage\",\"@id\":\"https:\/\/juvigo.pt\/revista\/entrevistas\/entrevista-com-rita-e-jorge-da-quinta-da-escola\/\",\"url\":\"https:\/\/juvigo.pt\/revista\/entrevistas\/entrevista-com-rita-e-jorge-da-quinta-da-escola\/\",\"name\":\"Entrevista com Rita e Jorge da Quinta da Escola - Juvigo Revista\",\"isPartOf\":{\"@id\":\"https:\/\/juvigo.pt\/revista\/#website\"},\"primaryImageOfPage\":{\"@id\":\"https:\/\/juvigo.pt\/revista\/entrevistas\/entrevista-com-rita-e-jorge-da-quinta-da-escola\/#primaryimage\"},\"image\":{\"@id\":\"https:\/\/juvigo.pt\/revista\/entrevistas\/entrevista-com-rita-e-jorge-da-quinta-da-escola\/#primaryimage\"},\"thumbnailUrl\":\"https:\/\/juvigo.pt\/revista\/wp-content\/uploads\/2024\/12\/jpeg.jpg\",\"datePublished\":\"2024-12-27T10:10:50+00:00\",\"dateModified\":\"2025-02-06T08:51:02+00:00\",\"description\":\"Entrevista sobre o crescimento da Quinta da Escola, com foco na forma\u00e7\u00e3o de monitores e na personaliza\u00e7\u00e3o do atendimento no campo de f\u00e9rias.\",\"breadcrumb\":{\"@id\":\"https:\/\/juvigo.pt\/revista\/entrevistas\/entrevista-com-rita-e-jorge-da-quinta-da-escola\/#breadcrumb\"},\"inLanguage\":\"pt\",\"potentialAction\":[{\"@type\":\"ReadAction\",\"target\":[\"https:\/\/juvigo.pt\/revista\/entrevistas\/entrevista-com-rita-e-jorge-da-quinta-da-escola\/\"]}]},{\"@type\":\"ImageObject\",\"inLanguage\":\"pt\",\"@id\":\"https:\/\/juvigo.pt\/revista\/entrevistas\/entrevista-com-rita-e-jorge-da-quinta-da-escola\/#primaryimage\",\"url\":\"https:\/\/juvigo.pt\/revista\/wp-content\/uploads\/2024\/12\/jpeg.jpg\",\"contentUrl\":\"https:\/\/juvigo.pt\/revista\/wp-content\/uploads\/2024\/12\/jpeg.jpg\",\"width\":879,\"height\":877,\"caption\":\"campo de ferias\"},{\"@type\":\"BreadcrumbList\",\"@id\":\"https:\/\/juvigo.pt\/revista\/entrevistas\/entrevista-com-rita-e-jorge-da-quinta-da-escola\/#breadcrumb\",\"itemListElement\":[{\"@type\":\"ListItem\",\"position\":1,\"name\":\"Juvigo Revista\",\"item\":\"https:\/\/juvigo.pt\/revista\/\"},{\"@type\":\"ListItem\",\"position\":2,\"name\":\"Entrevistas\",\"item\":\"https:\/\/juvigo.pt\/revista\/entrevistas\/\"},{\"@type\":\"ListItem\",\"position\":3,\"name\":\"Entrevista com Rita e Jorge da Quinta da Escola\"}]},{\"@type\":\"WebSite\",\"@id\":\"https:\/\/juvigo.pt\/revista\/#website\",\"url\":\"https:\/\/juvigo.pt\/revista\/\",\"name\":\"Juvigo Revista\",\"description\":\"A revista Juvigo de Campos de f\u00e9rias, Col\u00f3nias de f\u00e9rias e Cursos de L\u00ednguas\",\"publisher\":{\"@id\":\"https:\/\/juvigo.pt\/revista\/#organization\"},\"potentialAction\":[{\"@type\":\"SearchAction\",\"target\":{\"@type\":\"EntryPoint\",\"urlTemplate\":\"https:\/\/juvigo.pt\/revista\/?s={search_term_string}\"},\"query-input\":{\"@type\":\"PropertyValueSpecification\",\"valueRequired\":true,\"valueName\":\"search_term_string\"}}],\"inLanguage\":\"pt\"},{\"@type\":\"Organization\",\"@id\":\"https:\/\/juvigo.pt\/revista\/#organization\",\"name\":\"Juvigo GmbH\",\"url\":\"https:\/\/juvigo.pt\/revista\/\",\"logo\":{\"@type\":\"ImageObject\",\"inLanguage\":\"pt\",\"@id\":\"https:\/\/juvigo.pt\/revista\/#\/schema\/logo\/image\/\",\"url\":\"https:\/\/juvigo.es\/revista\/wp-content\/uploads\/2022\/02\/magazine_logo_scaled.png\",\"contentUrl\":\"https:\/\/juvigo.es\/revista\/wp-content\/uploads\/2022\/02\/magazine_logo_scaled.png\",\"width\":240,\"height\":100,\"caption\":\"Juvigo GmbH\"},\"image\":{\"@id\":\"https:\/\/juvigo.pt\/revista\/#\/schema\/logo\/image\/\"},\"sameAs\":[\"https:\/\/de-de.facebook.com\/meinjuvigo\",\"https:\/\/x.com\/meinjuvigo\",\"http:\/\/instagram.com\/juvigo_de\/\"]},{\"@type\":\"Person\",\"@id\":\"https:\/\/juvigo.pt\/revista\/#\/schema\/person\/02e1215b0e8b659b6c41bfad3c698117\",\"name\":\"Joana\",\"image\":{\"@type\":\"ImageObject\",\"inLanguage\":\"pt\",\"@id\":\"https:\/\/juvigo.pt\/revista\/#\/schema\/person\/image\/\",\"url\":\"https:\/\/juvigo.pt\/revista\/wp-content\/uploads\/2024\/10\/Joana-Vargas-150x150.jpg\",\"contentUrl\":\"https:\/\/juvigo.pt\/revista\/wp-content\/uploads\/2024\/10\/Joana-Vargas-150x150.jpg\",\"caption\":\"Joana\"},\"url\":\"https:\/\/juvigo.pt\/revista\/author\/joana\/\"}]}<\/script>\n<!-- \/ Yoast SEO plugin. -->","yoast_head_json":{"title":"Entrevista com Rita e Jorge da Quinta da Escola - Juvigo Revista","description":"Entrevista sobre o crescimento da Quinta da Escola, com foco na forma\u00e7\u00e3o de monitores e na personaliza\u00e7\u00e3o do atendimento no campo de f\u00e9rias.","robots":{"index":"index","follow":"follow","max-snippet":"max-snippet:-1","max-image-preview":"max-image-preview:large","max-video-preview":"max-video-preview:-1"},"canonical":"https:\/\/juvigo.pt\/revista\/entrevistas\/entrevista-com-rita-e-jorge-da-quinta-da-escola\/","og_locale":"pt_PT","og_type":"article","og_title":"Entrevista com Rita e Jorge da Quinta da Escola - Juvigo Revista","og_description":"Entrevista sobre o crescimento da Quinta da Escola, com foco na forma\u00e7\u00e3o de monitores e na personaliza\u00e7\u00e3o do atendimento no campo de f\u00e9rias.","og_url":"https:\/\/juvigo.pt\/revista\/entrevistas\/entrevista-com-rita-e-jorge-da-quinta-da-escola\/","og_site_name":"Juvigo Revista","article_publisher":"https:\/\/de-de.facebook.com\/meinjuvigo","article_published_time":"2024-12-27T10:10:50+00:00","article_modified_time":"2025-02-06T08:51:02+00:00","og_image":[{"width":879,"height":877,"url":"https:\/\/juvigo.pt\/revista\/wp-content\/uploads\/2024\/12\/jpeg.jpg","type":"image\/jpeg"}],"author":"Joana","twitter_card":"summary_large_image","twitter_creator":"@meinjuvigo","twitter_site":"@meinjuvigo","twitter_misc":{"Escrito por":"Joana","Tempo estimado de leitura":"10 minutos"},"schema":{"@context":"https:\/\/schema.org","@graph":[{"@type":"Article","@id":"https:\/\/juvigo.pt\/revista\/entrevistas\/entrevista-com-rita-e-jorge-da-quinta-da-escola\/#article","isPartOf":{"@id":"https:\/\/juvigo.pt\/revista\/entrevistas\/entrevista-com-rita-e-jorge-da-quinta-da-escola\/"},"author":{"name":"Joana","@id":"https:\/\/juvigo.pt\/revista\/#\/schema\/person\/02e1215b0e8b659b6c41bfad3c698117"},"headline":"Entrevista com Rita e Jorge da Quinta da Escola","datePublished":"2024-12-27T10:10:50+00:00","dateModified":"2025-02-06T08:51:02+00:00","mainEntityOfPage":{"@id":"https:\/\/juvigo.pt\/revista\/entrevistas\/entrevista-com-rita-e-jorge-da-quinta-da-escola\/"},"wordCount":1860,"commentCount":1,"publisher":{"@id":"https:\/\/juvigo.pt\/revista\/#organization"},"image":{"@id":"https:\/\/juvigo.pt\/revista\/entrevistas\/entrevista-com-rita-e-jorge-da-quinta-da-escola\/#primaryimage"},"thumbnailUrl":"https:\/\/juvigo.pt\/revista\/wp-content\/uploads\/2024\/12\/jpeg.jpg","articleSection":["Entrevistas"],"inLanguage":"pt","potentialAction":[{"@type":"CommentAction","name":"Comment","target":["https:\/\/juvigo.pt\/revista\/entrevistas\/entrevista-com-rita-e-jorge-da-quinta-da-escola\/#respond"]}]},{"@type":"WebPage","@id":"https:\/\/juvigo.pt\/revista\/entrevistas\/entrevista-com-rita-e-jorge-da-quinta-da-escola\/","url":"https:\/\/juvigo.pt\/revista\/entrevistas\/entrevista-com-rita-e-jorge-da-quinta-da-escola\/","name":"Entrevista com Rita e Jorge da Quinta da Escola - Juvigo Revista","isPartOf":{"@id":"https:\/\/juvigo.pt\/revista\/#website"},"primaryImageOfPage":{"@id":"https:\/\/juvigo.pt\/revista\/entrevistas\/entrevista-com-rita-e-jorge-da-quinta-da-escola\/#primaryimage"},"image":{"@id":"https:\/\/juvigo.pt\/revista\/entrevistas\/entrevista-com-rita-e-jorge-da-quinta-da-escola\/#primaryimage"},"thumbnailUrl":"https:\/\/juvigo.pt\/revista\/wp-content\/uploads\/2024\/12\/jpeg.jpg","datePublished":"2024-12-27T10:10:50+00:00","dateModified":"2025-02-06T08:51:02+00:00","description":"Entrevista sobre o crescimento da Quinta da Escola, com foco na forma\u00e7\u00e3o de monitores e na personaliza\u00e7\u00e3o do atendimento no campo de f\u00e9rias.","breadcrumb":{"@id":"https:\/\/juvigo.pt\/revista\/entrevistas\/entrevista-com-rita-e-jorge-da-quinta-da-escola\/#breadcrumb"},"inLanguage":"pt","potentialAction":[{"@type":"ReadAction","target":["https:\/\/juvigo.pt\/revista\/entrevistas\/entrevista-com-rita-e-jorge-da-quinta-da-escola\/"]}]},{"@type":"ImageObject","inLanguage":"pt","@id":"https:\/\/juvigo.pt\/revista\/entrevistas\/entrevista-com-rita-e-jorge-da-quinta-da-escola\/#primaryimage","url":"https:\/\/juvigo.pt\/revista\/wp-content\/uploads\/2024\/12\/jpeg.jpg","contentUrl":"https:\/\/juvigo.pt\/revista\/wp-content\/uploads\/2024\/12\/jpeg.jpg","width":879,"height":877,"caption":"campo de ferias"},{"@type":"BreadcrumbList","@id":"https:\/\/juvigo.pt\/revista\/entrevistas\/entrevista-com-rita-e-jorge-da-quinta-da-escola\/#breadcrumb","itemListElement":[{"@type":"ListItem","position":1,"name":"Juvigo Revista","item":"https:\/\/juvigo.pt\/revista\/"},{"@type":"ListItem","position":2,"name":"Entrevistas","item":"https:\/\/juvigo.pt\/revista\/entrevistas\/"},{"@type":"ListItem","position":3,"name":"Entrevista com Rita e Jorge da Quinta da Escola"}]},{"@type":"WebSite","@id":"https:\/\/juvigo.pt\/revista\/#website","url":"https:\/\/juvigo.pt\/revista\/","name":"Juvigo Revista","description":"A revista Juvigo de Campos de f\u00e9rias, Col\u00f3nias de f\u00e9rias e Cursos de L\u00ednguas","publisher":{"@id":"https:\/\/juvigo.pt\/revista\/#organization"},"potentialAction":[{"@type":"SearchAction","target":{"@type":"EntryPoint","urlTemplate":"https:\/\/juvigo.pt\/revista\/?s={search_term_string}"},"query-input":{"@type":"PropertyValueSpecification","valueRequired":true,"valueName":"search_term_string"}}],"inLanguage":"pt"},{"@type":"Organization","@id":"https:\/\/juvigo.pt\/revista\/#organization","name":"Juvigo GmbH","url":"https:\/\/juvigo.pt\/revista\/","logo":{"@type":"ImageObject","inLanguage":"pt","@id":"https:\/\/juvigo.pt\/revista\/#\/schema\/logo\/image\/","url":"https:\/\/juvigo.es\/revista\/wp-content\/uploads\/2022\/02\/magazine_logo_scaled.png","contentUrl":"https:\/\/juvigo.es\/revista\/wp-content\/uploads\/2022\/02\/magazine_logo_scaled.png","width":240,"height":100,"caption":"Juvigo GmbH"},"image":{"@id":"https:\/\/juvigo.pt\/revista\/#\/schema\/logo\/image\/"},"sameAs":["https:\/\/de-de.facebook.com\/meinjuvigo","https:\/\/x.com\/meinjuvigo","http:\/\/instagram.com\/juvigo_de\/"]},{"@type":"Person","@id":"https:\/\/juvigo.pt\/revista\/#\/schema\/person\/02e1215b0e8b659b6c41bfad3c698117","name":"Joana","image":{"@type":"ImageObject","inLanguage":"pt","@id":"https:\/\/juvigo.pt\/revista\/#\/schema\/person\/image\/","url":"https:\/\/juvigo.pt\/revista\/wp-content\/uploads\/2024\/10\/Joana-Vargas-150x150.jpg","contentUrl":"https:\/\/juvigo.pt\/revista\/wp-content\/uploads\/2024\/10\/Joana-Vargas-150x150.jpg","caption":"Joana"},"url":"https:\/\/juvigo.pt\/revista\/author\/joana\/"}]}},"author_meta":{"display_name":"Joana","author_link":"https:\/\/juvigo.pt\/revista\/author\/joana\/"},"featured_img":"https:\/\/juvigo.pt\/revista\/wp-content\/uploads\/2024\/12\/jpeg-300x300.jpg","wps_subtitle":"","coauthors":[],"tax_additional":{"categories":{"linked":["<a href=\"https:\/\/juvigo.pt\/revista\/entrevistas\/\" class=\"advgb-post-tax-term\">Entrevistas<\/a>"],"unlinked":["<span class=\"advgb-post-tax-term\">Entrevistas<\/span>"]}},"comment_count":"1","relative_dates":{"created":"Posted 1 ano ago","modified":"Updated 1 ano ago"},"absolute_dates":{"created":"Posted on 27.12.2024","modified":"Updated on 06.02.2025"},"absolute_dates_time":{"created":"Posted on 27.12.2024 10:10","modified":"Updated on 06.02.2025 08:51"},"featured_img_caption":"campo de ferias","series_order":"","_links":{"self":[{"href":"https:\/\/juvigo.pt\/revista\/wp-json\/wp\/v2\/posts\/9224","targetHints":{"allow":["GET"]}}],"collection":[{"href":"https:\/\/juvigo.pt\/revista\/wp-json\/wp\/v2\/posts"}],"about":[{"href":"https:\/\/juvigo.pt\/revista\/wp-json\/wp\/v2\/types\/post"}],"author":[{"embeddable":true,"href":"https:\/\/juvigo.pt\/revista\/wp-json\/wp\/v2\/users\/23"}],"replies":[{"embeddable":true,"href":"https:\/\/juvigo.pt\/revista\/wp-json\/wp\/v2\/comments?post=9224"}],"version-history":[{"count":5,"href":"https:\/\/juvigo.pt\/revista\/wp-json\/wp\/v2\/posts\/9224\/revisions"}],"predecessor-version":[{"id":9297,"href":"https:\/\/juvigo.pt\/revista\/wp-json\/wp\/v2\/posts\/9224\/revisions\/9297"}],"wp:featuredmedia":[{"embeddable":true,"href":"https:\/\/juvigo.pt\/revista\/wp-json\/wp\/v2\/media\/9226"}],"wp:attachment":[{"href":"https:\/\/juvigo.pt\/revista\/wp-json\/wp\/v2\/media?parent=9224"}],"wp:term":[{"taxonomy":"category","embeddable":true,"href":"https:\/\/juvigo.pt\/revista\/wp-json\/wp\/v2\/categories?post=9224"},{"taxonomy":"post_tag","embeddable":true,"href":"https:\/\/juvigo.pt\/revista\/wp-json\/wp\/v2\/tags?post=9224"},{"taxonomy":"table_tags","embeddable":true,"href":"https:\/\/juvigo.pt\/revista\/wp-json\/wp\/v2\/table_tags?post=9224"}],"curies":[{"name":"wp","href":"https:\/\/api.w.org\/{rel}","templated":true}]}}