{"id":9145,"date":"2024-11-13T10:47:53","date_gmt":"2024-11-13T10:47:53","guid":{"rendered":"https:\/\/juvigo.pt\/revista\/?p=9145"},"modified":"2025-01-14T14:02:11","modified_gmt":"2025-01-14T14:02:11","slug":"quando-reservar-um-campo-de-ferias","status":"publish","type":"post","link":"https:\/\/juvigo.pt\/revista\/dicas\/quando-reservar-um-campo-de-ferias\/","title":{"rendered":"Quando reservar um campo de f\u00e9rias"},"content":{"rendered":"\n<p>Ano ap\u00f3s ano, deparamos-nos com a mesma situa\u00e7\u00e3o: as f\u00e9rias aproximam-se e ainda n\u00e3o garantiste o teu lugar num <a href=\"https:\/\/juvigo.pt\/colonias-de-ferias\" target=\"_blank\" rel=\"noreferrer noopener\">campo de f\u00e9rias<\/a>. Mas n\u00e3o te preocupes, porque trazemos-te os melhores conselhos para que saibas exatamente quando reservar o teu campo de f\u00e9rias ideal.<\/p>\n\n\n\n<p>Esquece as listas de espera ou os <a href=\"https:\/\/juvigo.pt\/campos-de-ferias\/campos-de-ferias-last-minute\" target=\"_blank\" rel=\"noreferrer noopener\">campo de f\u00e9rias de \u00faltima hora<\/a>. Sabemos o qu\u00e3o frustrante \u00e9 encontrar o campo de f\u00e9rias que melhor se ajusta ao que procuravas e, na hora de reservar\u2026 surpresa! J\u00e1 n\u00e3o h\u00e1 vagas dispon\u00edveis. Para evitar esta situa\u00e7\u00e3o, o mais importante \u00e9 perceber quando abrem as inscri\u00e7\u00f5es dos campos de f\u00e9rias e qual o momento certo para garantir a tua vaga. Este processo depende de quando pretendes ir para o campo de f\u00e9rias, e vamos explicar-te qual o melhor momento para cada esta\u00e7\u00e3o do ano.<\/p>\n\n\n\n<p>Em Portugal, existem tr\u00eas per\u00edodos de f\u00e9rias extensos que s\u00e3o ideais para aproveitares um campo de f\u00e9rias. Se achavas que s\u00f3 existiam campos de f\u00e9rias de ver\u00e3o, est\u00e1s enganado. Os campos de Natal e de P\u00e1scoa est\u00e3o a ganhar cada vez mais popularidade.<\/p>\n\n\n\n<p>Muitos participantes entusiastas tamb\u00e9m aproveitam as mini-f\u00e9rias escolares ou feriados prolongados, como o Dia de Todos os Santos, para se juntarem a campos tem\u00e1ticos, como os de Halloween. No entanto, \u00e9 verdade que durante o ver\u00e3o encontrar\u00e1s a maior variedade de op\u00e7\u00f5es.<\/p>\n\n\n\n<h5 class=\"wp-block-heading\"><strong>Quando Reservar um Campo de F\u00e9rias de Natal?<\/strong><\/h5>\n\n\n\n<p>Se n\u00e3o sabias que podias participar num <a href=\"https:\/\/juvigo.pt\/campos-de-ferias\/campos-de-ferias-natal\" target=\"_blank\" rel=\"noreferrer noopener\">campo de f\u00e9rias no Natal<\/a>, prepara-te, pois esta \u00e9poca do ano \u00e9 ainda mais especial, com muitas surpresas guardadas, o que faz com que alguns campos mantenham os seus programas em segredo.<\/p>\n\n\n\n<p>O Natal \u00e9 o momento perfeito para uma pausa nas aulas, mas, se quiseres aproveitar para praticar o teu desporto favorito ou melhorar o teu n\u00edvel de l\u00ednguas, temos v\u00e1rias op\u00e7\u00f5es que podem ser do teu interesse. Desde <a href=\"https:\/\/juvigo.pt\/campos-de-ferias\/campos-de-ferias-futebol\" target=\"_blank\" rel=\"noreferrer noopener\">campos de futebol<\/a> de Natal, campos de ski, at\u00e9 <a href=\"https:\/\/juvigo.pt\/campos-de-ferias\/colonias-de-ferias-ingles\" target=\"_blank\" rel=\"noreferrer noopener\">campos de ingl\u00eas<\/a>, escolhe o que mais gostares!<\/p>\n\n\n\n<p>Como as op\u00e7\u00f5es s\u00e3o mais limitadas neste per\u00edodo, queremos garantir que consigas o teu lugar. Em geral, finalizamos&nbsp;a maioria dos&nbsp;programas no Natal, e abrimos as inscri\u00e7\u00f5es&nbsp;o mais tardar&nbsp;no in\u00edcio do ano.<\/p>\n\n\n\n<p>As vagas esgotam-se rapidamente, por isso, assim que encontrares o campo de f\u00e9rias que melhor se adequa ao que procuras, n\u00e3o percas tempo e reserva j\u00e1!<\/p>\n\n\n\n<h5 class=\"wp-block-heading\"><strong>Quando Reservar um Campo de F\u00e9rias de P\u00e1scoa?<\/strong><\/h5>\n\n\n\n<p><\/p>\n\n\n\n<p>Na primavera, alguns campos de \u00faltima hora tamb\u00e9m surgem para a <a href=\"https:\/\/juvigo.pt\/campos-de-ferias\/campos-de-feiras-pascoa\" target=\"_blank\" rel=\"noreferrer noopener\">P\u00e1scoa<\/a>, j\u00e1 que cada regi\u00e3o tem datas de f\u00e9rias ligeiramente diferentes. Estas f\u00e9rias permitem-te desfrutar de atividades mais ligadas ao ver\u00e3o ou refugiar-te nas montanhas para praticar desportos de inverno. Proporcionamos tudo o que precisas para aproveitares a P\u00e1scoa \u00e0 tua maneira.<\/p>\n\n\n\n<p>Para garantires o teu lugar nos campos de f\u00e9rias de P\u00e1scoa, come\u00e7a a procurar op\u00e7\u00f5es a partir de dezembro, quando normalmente lan\u00e7amos os programas para esta \u00e9poca. Na primavera, alguns campos de \u00faltima hora tamb\u00e9m surgem para a P\u00e1scoa, j\u00e1 que cada regi\u00e3o tem datas de f\u00e9rias ligeiramente diferentes. Por norma, estes programas s\u00e3o mais frequentes para participantes locais e oferecem uma maior flexibilidade.<\/p>\n\n\n\n<h5 class=\"wp-block-heading\"><strong>Quando Reservar um Campo de F\u00e9rias de Ver\u00e3o?<\/strong><\/h5>\n\n\n\n<p>Os t\u00e3o aguardados e populares <a href=\"https:\/\/juvigo.pt\/acampamentos-de-verao\" target=\"_blank\" rel=\"noreferrer noopener\">campos de f\u00e9rias de ver\u00e3o<\/a>\u2026 qual \u00e9 o segredo para garantires o teu lugar a tempo? Por muito que te surpreenda, os campos de f\u00e9rias de ver\u00e3o come\u00e7am a ser organizados assim que termina a temporada anterior. Ou seja, em agosto e setembro come\u00e7am os preparativos para os campos que ter\u00e3o in\u00edcio em junho do ano seguinte. A organiza\u00e7\u00e3o de campos de f\u00e9rias requer um trabalho intenso e planeamento minucioso, para que depois possas desfrutar da melhor experi\u00eancia poss\u00edvel.<\/p>\n\n\n\n<p>O tipo de campo e a organiza\u00e7\u00e3o determinam quando as datas e os detalhes s\u00e3o divulgados, podendo ser mais cedo ou mais tarde. Em geral, finalizamos os programas no Natal e abrimos as inscri\u00e7\u00f5es no in\u00edcio do ano.<\/p>\n\n\n\n<p>Recomendamos que fiques atento em janeiro para acompanhar as ofertas que publicamos e aproveites para reservar em fevereiro, quando oferecemos os melhores descontos para reservas antecipadas. Assim, n\u00e3o s\u00f3 garantes o teu lugar, como tamb\u00e9m poupas na inscri\u00e7\u00e3o.<\/p>\n\n\n\n<h5 class=\"wp-block-heading\"><strong>Vais Ficar sem o Teu Lugar no Campo de F\u00e9rias?<\/strong><\/h5>\n\n\n\n<p>Se seguires estas recomenda\u00e7\u00f5es, poder\u00e1s garantir o teu lugar em qualquer campo de f\u00e9rias que te interesse, basta ser organizado e antecipares-te. Claro que estas informa\u00e7\u00f5es s\u00e3o orientativas, j\u00e1 que cada campo de f\u00e9rias tem datas de inscri\u00e7\u00e3o espec\u00edficas. Em qualquer caso, podes sempre consultar-nos atrav\u00e9s do email <a>reservas@juvigo.pt<\/a> ou pelo telefone 210 204 945 sobre o campo de f\u00e9rias que te interessa, e teremos todo o gosto em ajudar-te a n\u00e3o perderes a tua vaga. Boa sorte!<\/p>\n\n\n\n<p><\/p>\n","protected":false},"excerpt":{"rendered":"<p>Ano ap\u00f3s ano, deparamos-nos com a mesma situa\u00e7\u00e3o: as f\u00e9rias aproximam-se e ainda n\u00e3o garantiste o teu lugar num campo de f\u00e9rias. Mas n\u00e3o te preocupes, porque trazemos-te os melhores conselhos para que saibas exatamente quando reservar o teu campo de f\u00e9rias ideal. Esquece as listas de espera ou os campo de f\u00e9rias de \u00faltima [&hellip;]<\/p>\n","protected":false},"author":23,"featured_media":9147,"comment_status":"open","ping_status":"closed","sticky":false,"template":"","format":"standard","meta":{"advgb_blocks_editor_width":"","advgb_blocks_columns_visual_guide":"","footnotes":"","_links_to":"","_links_to_target":""},"categories":[2],"tags":[],"table_tags":[],"class_list":["post-9145","post","type-post","status-publish","format-standard","has-post-thumbnail","hentry","category-dicas"],"yoast_head":"<!-- This site is optimized with the Yoast SEO plugin v24.8.1 - https:\/\/yoast.com\/wordpress\/plugins\/seo\/ -->\n<title>Quando reservar um campo de f\u00e9rias - Juvigo Revista<\/title>\n<meta name=\"description\" content=\"Saiba quando reservar o seu campo de f\u00e9rias em Portugal e garanta a melhor experi\u00eancia para as f\u00e9rias de ver\u00e3o, Natal ou P\u00e1scoa!\" \/>\n<meta name=\"robots\" content=\"index, follow, max-snippet:-1, max-image-preview:large, max-video-preview:-1\" \/>\n<link rel=\"canonical\" href=\"https:\/\/juvigo.pt\/revista\/dicas\/quando-reservar-um-campo-de-ferias\/\" \/>\n<meta property=\"og:locale\" content=\"pt_PT\" \/>\n<meta property=\"og:type\" content=\"article\" \/>\n<meta property=\"og:title\" content=\"Quando reservar um campo de f\u00e9rias - Juvigo Revista\" \/>\n<meta property=\"og:description\" content=\"Saiba quando reservar o seu campo de f\u00e9rias em Portugal e garanta a melhor experi\u00eancia para as f\u00e9rias de ver\u00e3o, Natal ou P\u00e1scoa!\" \/>\n<meta property=\"og:url\" content=\"https:\/\/juvigo.pt\/revista\/dicas\/quando-reservar-um-campo-de-ferias\/\" \/>\n<meta property=\"og:site_name\" content=\"Juvigo Revista\" \/>\n<meta property=\"article:publisher\" content=\"https:\/\/de-de.facebook.com\/meinjuvigo\" \/>\n<meta property=\"article:published_time\" content=\"2024-11-13T10:47:53+00:00\" \/>\n<meta property=\"article:modified_time\" content=\"2025-01-14T14:02:11+00:00\" \/>\n<meta property=\"og:image\" content=\"https:\/\/juvigo.pt\/revista\/wp-content\/uploads\/2024\/11\/bannerhoje-1.jpg\" \/>\n\t<meta property=\"og:image:width\" content=\"1107\" \/>\n\t<meta property=\"og:image:height\" content=\"736\" \/>\n\t<meta property=\"og:image:type\" content=\"image\/jpeg\" \/>\n<meta name=\"author\" content=\"Joana\" \/>\n<meta name=\"twitter:card\" content=\"summary_large_image\" \/>\n<meta name=\"twitter:creator\" content=\"@meinjuvigo\" \/>\n<meta name=\"twitter:site\" content=\"@meinjuvigo\" \/>\n<meta name=\"twitter:label1\" content=\"Escrito por\" \/>\n\t<meta name=\"twitter:data1\" content=\"Joana\" \/>\n\t<meta name=\"twitter:label2\" content=\"Tempo estimado de leitura\" \/>\n\t<meta name=\"twitter:data2\" content=\"5 minutos\" \/>\n<script type=\"application\/ld+json\" class=\"yoast-schema-graph\">{\"@context\":\"https:\/\/schema.org\",\"@graph\":[{\"@type\":\"Article\",\"@id\":\"https:\/\/juvigo.pt\/revista\/dicas\/quando-reservar-um-campo-de-ferias\/#article\",\"isPartOf\":{\"@id\":\"https:\/\/juvigo.pt\/revista\/dicas\/quando-reservar-um-campo-de-ferias\/\"},\"author\":{\"name\":\"Joana\",\"@id\":\"https:\/\/juvigo.pt\/revista\/#\/schema\/person\/02e1215b0e8b659b6c41bfad3c698117\"},\"headline\":\"Quando reservar um campo de f\u00e9rias\",\"datePublished\":\"2024-11-13T10:47:53+00:00\",\"dateModified\":\"2025-01-14T14:02:11+00:00\",\"mainEntityOfPage\":{\"@id\":\"https:\/\/juvigo.pt\/revista\/dicas\/quando-reservar-um-campo-de-ferias\/\"},\"wordCount\":868,\"commentCount\":0,\"publisher\":{\"@id\":\"https:\/\/juvigo.pt\/revista\/#organization\"},\"image\":{\"@id\":\"https:\/\/juvigo.pt\/revista\/dicas\/quando-reservar-um-campo-de-ferias\/#primaryimage\"},\"thumbnailUrl\":\"https:\/\/juvigo.pt\/revista\/wp-content\/uploads\/2024\/11\/bannerhoje-1.jpg\",\"articleSection\":[\"Dicas\"],\"inLanguage\":\"pt\",\"potentialAction\":[{\"@type\":\"CommentAction\",\"name\":\"Comment\",\"target\":[\"https:\/\/juvigo.pt\/revista\/dicas\/quando-reservar-um-campo-de-ferias\/#respond\"]}]},{\"@type\":\"WebPage\",\"@id\":\"https:\/\/juvigo.pt\/revista\/dicas\/quando-reservar-um-campo-de-ferias\/\",\"url\":\"https:\/\/juvigo.pt\/revista\/dicas\/quando-reservar-um-campo-de-ferias\/\",\"name\":\"Quando reservar um campo de f\u00e9rias - Juvigo Revista\",\"isPartOf\":{\"@id\":\"https:\/\/juvigo.pt\/revista\/#website\"},\"primaryImageOfPage\":{\"@id\":\"https:\/\/juvigo.pt\/revista\/dicas\/quando-reservar-um-campo-de-ferias\/#primaryimage\"},\"image\":{\"@id\":\"https:\/\/juvigo.pt\/revista\/dicas\/quando-reservar-um-campo-de-ferias\/#primaryimage\"},\"thumbnailUrl\":\"https:\/\/juvigo.pt\/revista\/wp-content\/uploads\/2024\/11\/bannerhoje-1.jpg\",\"datePublished\":\"2024-11-13T10:47:53+00:00\",\"dateModified\":\"2025-01-14T14:02:11+00:00\",\"description\":\"Saiba quando reservar o seu campo de f\u00e9rias em Portugal e garanta a melhor experi\u00eancia para as f\u00e9rias de ver\u00e3o, Natal ou P\u00e1scoa!\",\"breadcrumb\":{\"@id\":\"https:\/\/juvigo.pt\/revista\/dicas\/quando-reservar-um-campo-de-ferias\/#breadcrumb\"},\"inLanguage\":\"pt\",\"potentialAction\":[{\"@type\":\"ReadAction\",\"target\":[\"https:\/\/juvigo.pt\/revista\/dicas\/quando-reservar-um-campo-de-ferias\/\"]}]},{\"@type\":\"ImageObject\",\"inLanguage\":\"pt\",\"@id\":\"https:\/\/juvigo.pt\/revista\/dicas\/quando-reservar-um-campo-de-ferias\/#primaryimage\",\"url\":\"https:\/\/juvigo.pt\/revista\/wp-content\/uploads\/2024\/11\/bannerhoje-1.jpg\",\"contentUrl\":\"https:\/\/juvigo.pt\/revista\/wp-content\/uploads\/2024\/11\/bannerhoje-1.jpg\",\"width\":1107,\"height\":736,\"caption\":\"reservar um campo de f\u00e9rias\"},{\"@type\":\"BreadcrumbList\",\"@id\":\"https:\/\/juvigo.pt\/revista\/dicas\/quando-reservar-um-campo-de-ferias\/#breadcrumb\",\"itemListElement\":[{\"@type\":\"ListItem\",\"position\":1,\"name\":\"Juvigo Revista\",\"item\":\"https:\/\/juvigo.pt\/revista\/\"},{\"@type\":\"ListItem\",\"position\":2,\"name\":\"Dicas\",\"item\":\"https:\/\/juvigo.pt\/revista\/dicas\/\"},{\"@type\":\"ListItem\",\"position\":3,\"name\":\"Quando reservar um campo de f\u00e9rias\"}]},{\"@type\":\"WebSite\",\"@id\":\"https:\/\/juvigo.pt\/revista\/#website\",\"url\":\"https:\/\/juvigo.pt\/revista\/\",\"name\":\"Juvigo Revista\",\"description\":\"A revista Juvigo de Campos de f\u00e9rias, Col\u00f3nias de f\u00e9rias e Cursos de L\u00ednguas\",\"publisher\":{\"@id\":\"https:\/\/juvigo.pt\/revista\/#organization\"},\"potentialAction\":[{\"@type\":\"SearchAction\",\"target\":{\"@type\":\"EntryPoint\",\"urlTemplate\":\"https:\/\/juvigo.pt\/revista\/?s={search_term_string}\"},\"query-input\":{\"@type\":\"PropertyValueSpecification\",\"valueRequired\":true,\"valueName\":\"search_term_string\"}}],\"inLanguage\":\"pt\"},{\"@type\":\"Organization\",\"@id\":\"https:\/\/juvigo.pt\/revista\/#organization\",\"name\":\"Juvigo GmbH\",\"url\":\"https:\/\/juvigo.pt\/revista\/\",\"logo\":{\"@type\":\"ImageObject\",\"inLanguage\":\"pt\",\"@id\":\"https:\/\/juvigo.pt\/revista\/#\/schema\/logo\/image\/\",\"url\":\"https:\/\/juvigo.es\/revista\/wp-content\/uploads\/2022\/02\/magazine_logo_scaled.png\",\"contentUrl\":\"https:\/\/juvigo.es\/revista\/wp-content\/uploads\/2022\/02\/magazine_logo_scaled.png\",\"width\":240,\"height\":100,\"caption\":\"Juvigo GmbH\"},\"image\":{\"@id\":\"https:\/\/juvigo.pt\/revista\/#\/schema\/logo\/image\/\"},\"sameAs\":[\"https:\/\/de-de.facebook.com\/meinjuvigo\",\"https:\/\/x.com\/meinjuvigo\",\"http:\/\/instagram.com\/juvigo_de\/\"]},{\"@type\":\"Person\",\"@id\":\"https:\/\/juvigo.pt\/revista\/#\/schema\/person\/02e1215b0e8b659b6c41bfad3c698117\",\"name\":\"Joana\",\"image\":{\"@type\":\"ImageObject\",\"inLanguage\":\"pt\",\"@id\":\"https:\/\/juvigo.pt\/revista\/#\/schema\/person\/image\/\",\"url\":\"https:\/\/juvigo.pt\/revista\/wp-content\/uploads\/2024\/10\/Joana-Vargas-150x150.jpg\",\"contentUrl\":\"https:\/\/juvigo.pt\/revista\/wp-content\/uploads\/2024\/10\/Joana-Vargas-150x150.jpg\",\"caption\":\"Joana\"},\"url\":\"https:\/\/juvigo.pt\/revista\/author\/joana\/\"}]}<\/script>\n<!-- \/ Yoast SEO plugin. -->","yoast_head_json":{"title":"Quando reservar um campo de f\u00e9rias - Juvigo Revista","description":"Saiba quando reservar o seu campo de f\u00e9rias em Portugal e garanta a melhor experi\u00eancia para as f\u00e9rias de ver\u00e3o, Natal ou P\u00e1scoa!","robots":{"index":"index","follow":"follow","max-snippet":"max-snippet:-1","max-image-preview":"max-image-preview:large","max-video-preview":"max-video-preview:-1"},"canonical":"https:\/\/juvigo.pt\/revista\/dicas\/quando-reservar-um-campo-de-ferias\/","og_locale":"pt_PT","og_type":"article","og_title":"Quando reservar um campo de f\u00e9rias - Juvigo Revista","og_description":"Saiba quando reservar o seu campo de f\u00e9rias em Portugal e garanta a melhor experi\u00eancia para as f\u00e9rias de ver\u00e3o, Natal ou P\u00e1scoa!","og_url":"https:\/\/juvigo.pt\/revista\/dicas\/quando-reservar-um-campo-de-ferias\/","og_site_name":"Juvigo Revista","article_publisher":"https:\/\/de-de.facebook.com\/meinjuvigo","article_published_time":"2024-11-13T10:47:53+00:00","article_modified_time":"2025-01-14T14:02:11+00:00","og_image":[{"width":1107,"height":736,"url":"https:\/\/juvigo.pt\/revista\/wp-content\/uploads\/2024\/11\/bannerhoje-1.jpg","type":"image\/jpeg"}],"author":"Joana","twitter_card":"summary_large_image","twitter_creator":"@meinjuvigo","twitter_site":"@meinjuvigo","twitter_misc":{"Escrito por":"Joana","Tempo estimado de leitura":"5 minutos"},"schema":{"@context":"https:\/\/schema.org","@graph":[{"@type":"Article","@id":"https:\/\/juvigo.pt\/revista\/dicas\/quando-reservar-um-campo-de-ferias\/#article","isPartOf":{"@id":"https:\/\/juvigo.pt\/revista\/dicas\/quando-reservar-um-campo-de-ferias\/"},"author":{"name":"Joana","@id":"https:\/\/juvigo.pt\/revista\/#\/schema\/person\/02e1215b0e8b659b6c41bfad3c698117"},"headline":"Quando reservar um campo de f\u00e9rias","datePublished":"2024-11-13T10:47:53+00:00","dateModified":"2025-01-14T14:02:11+00:00","mainEntityOfPage":{"@id":"https:\/\/juvigo.pt\/revista\/dicas\/quando-reservar-um-campo-de-ferias\/"},"wordCount":868,"commentCount":0,"publisher":{"@id":"https:\/\/juvigo.pt\/revista\/#organization"},"image":{"@id":"https:\/\/juvigo.pt\/revista\/dicas\/quando-reservar-um-campo-de-ferias\/#primaryimage"},"thumbnailUrl":"https:\/\/juvigo.pt\/revista\/wp-content\/uploads\/2024\/11\/bannerhoje-1.jpg","articleSection":["Dicas"],"inLanguage":"pt","potentialAction":[{"@type":"CommentAction","name":"Comment","target":["https:\/\/juvigo.pt\/revista\/dicas\/quando-reservar-um-campo-de-ferias\/#respond"]}]},{"@type":"WebPage","@id":"https:\/\/juvigo.pt\/revista\/dicas\/quando-reservar-um-campo-de-ferias\/","url":"https:\/\/juvigo.pt\/revista\/dicas\/quando-reservar-um-campo-de-ferias\/","name":"Quando reservar um campo de f\u00e9rias - Juvigo Revista","isPartOf":{"@id":"https:\/\/juvigo.pt\/revista\/#website"},"primaryImageOfPage":{"@id":"https:\/\/juvigo.pt\/revista\/dicas\/quando-reservar-um-campo-de-ferias\/#primaryimage"},"image":{"@id":"https:\/\/juvigo.pt\/revista\/dicas\/quando-reservar-um-campo-de-ferias\/#primaryimage"},"thumbnailUrl":"https:\/\/juvigo.pt\/revista\/wp-content\/uploads\/2024\/11\/bannerhoje-1.jpg","datePublished":"2024-11-13T10:47:53+00:00","dateModified":"2025-01-14T14:02:11+00:00","description":"Saiba quando reservar o seu campo de f\u00e9rias em Portugal e garanta a melhor experi\u00eancia para as f\u00e9rias de ver\u00e3o, Natal ou P\u00e1scoa!","breadcrumb":{"@id":"https:\/\/juvigo.pt\/revista\/dicas\/quando-reservar-um-campo-de-ferias\/#breadcrumb"},"inLanguage":"pt","potentialAction":[{"@type":"ReadAction","target":["https:\/\/juvigo.pt\/revista\/dicas\/quando-reservar-um-campo-de-ferias\/"]}]},{"@type":"ImageObject","inLanguage":"pt","@id":"https:\/\/juvigo.pt\/revista\/dicas\/quando-reservar-um-campo-de-ferias\/#primaryimage","url":"https:\/\/juvigo.pt\/revista\/wp-content\/uploads\/2024\/11\/bannerhoje-1.jpg","contentUrl":"https:\/\/juvigo.pt\/revista\/wp-content\/uploads\/2024\/11\/bannerhoje-1.jpg","width":1107,"height":736,"caption":"reservar um campo de f\u00e9rias"},{"@type":"BreadcrumbList","@id":"https:\/\/juvigo.pt\/revista\/dicas\/quando-reservar-um-campo-de-ferias\/#breadcrumb","itemListElement":[{"@type":"ListItem","position":1,"name":"Juvigo Revista","item":"https:\/\/juvigo.pt\/revista\/"},{"@type":"ListItem","position":2,"name":"Dicas","item":"https:\/\/juvigo.pt\/revista\/dicas\/"},{"@type":"ListItem","position":3,"name":"Quando reservar um campo de f\u00e9rias"}]},{"@type":"WebSite","@id":"https:\/\/juvigo.pt\/revista\/#website","url":"https:\/\/juvigo.pt\/revista\/","name":"Juvigo Revista","description":"A revista Juvigo de Campos de f\u00e9rias, Col\u00f3nias de f\u00e9rias e Cursos de L\u00ednguas","publisher":{"@id":"https:\/\/juvigo.pt\/revista\/#organization"},"potentialAction":[{"@type":"SearchAction","target":{"@type":"EntryPoint","urlTemplate":"https:\/\/juvigo.pt\/revista\/?s={search_term_string}"},"query-input":{"@type":"PropertyValueSpecification","valueRequired":true,"valueName":"search_term_string"}}],"inLanguage":"pt"},{"@type":"Organization","@id":"https:\/\/juvigo.pt\/revista\/#organization","name":"Juvigo GmbH","url":"https:\/\/juvigo.pt\/revista\/","logo":{"@type":"ImageObject","inLanguage":"pt","@id":"https:\/\/juvigo.pt\/revista\/#\/schema\/logo\/image\/","url":"https:\/\/juvigo.es\/revista\/wp-content\/uploads\/2022\/02\/magazine_logo_scaled.png","contentUrl":"https:\/\/juvigo.es\/revista\/wp-content\/uploads\/2022\/02\/magazine_logo_scaled.png","width":240,"height":100,"caption":"Juvigo GmbH"},"image":{"@id":"https:\/\/juvigo.pt\/revista\/#\/schema\/logo\/image\/"},"sameAs":["https:\/\/de-de.facebook.com\/meinjuvigo","https:\/\/x.com\/meinjuvigo","http:\/\/instagram.com\/juvigo_de\/"]},{"@type":"Person","@id":"https:\/\/juvigo.pt\/revista\/#\/schema\/person\/02e1215b0e8b659b6c41bfad3c698117","name":"Joana","image":{"@type":"ImageObject","inLanguage":"pt","@id":"https:\/\/juvigo.pt\/revista\/#\/schema\/person\/image\/","url":"https:\/\/juvigo.pt\/revista\/wp-content\/uploads\/2024\/10\/Joana-Vargas-150x150.jpg","contentUrl":"https:\/\/juvigo.pt\/revista\/wp-content\/uploads\/2024\/10\/Joana-Vargas-150x150.jpg","caption":"Joana"},"url":"https:\/\/juvigo.pt\/revista\/author\/joana\/"}]}},"author_meta":{"display_name":"Joana","author_link":"https:\/\/juvigo.pt\/revista\/author\/joana\/"},"featured_img":"https:\/\/juvigo.pt\/revista\/wp-content\/uploads\/2024\/11\/bannerhoje-1-300x199.jpg","wps_subtitle":"","coauthors":[],"tax_additional":{"categories":{"linked":["<a href=\"https:\/\/juvigo.pt\/revista\/dicas\/\" class=\"advgb-post-tax-term\">Dicas<\/a>"],"unlinked":["<span class=\"advgb-post-tax-term\">Dicas<\/span>"]}},"comment_count":"0","relative_dates":{"created":"Posted 1 ano ago","modified":"Updated 1 ano ago"},"absolute_dates":{"created":"Posted on 13.11.2024","modified":"Updated on 14.01.2025"},"absolute_dates_time":{"created":"Posted on 13.11.2024 10:47","modified":"Updated on 14.01.2025 14:02"},"featured_img_caption":"","series_order":"","_links":{"self":[{"href":"https:\/\/juvigo.pt\/revista\/wp-json\/wp\/v2\/posts\/9145","targetHints":{"allow":["GET"]}}],"collection":[{"href":"https:\/\/juvigo.pt\/revista\/wp-json\/wp\/v2\/posts"}],"about":[{"href":"https:\/\/juvigo.pt\/revista\/wp-json\/wp\/v2\/types\/post"}],"author":[{"embeddable":true,"href":"https:\/\/juvigo.pt\/revista\/wp-json\/wp\/v2\/users\/23"}],"replies":[{"embeddable":true,"href":"https:\/\/juvigo.pt\/revista\/wp-json\/wp\/v2\/comments?post=9145"}],"version-history":[{"count":5,"href":"https:\/\/juvigo.pt\/revista\/wp-json\/wp\/v2\/posts\/9145\/revisions"}],"predecessor-version":[{"id":9168,"href":"https:\/\/juvigo.pt\/revista\/wp-json\/wp\/v2\/posts\/9145\/revisions\/9168"}],"wp:featuredmedia":[{"embeddable":true,"href":"https:\/\/juvigo.pt\/revista\/wp-json\/wp\/v2\/media\/9147"}],"wp:attachment":[{"href":"https:\/\/juvigo.pt\/revista\/wp-json\/wp\/v2\/media?parent=9145"}],"wp:term":[{"taxonomy":"category","embeddable":true,"href":"https:\/\/juvigo.pt\/revista\/wp-json\/wp\/v2\/categories?post=9145"},{"taxonomy":"post_tag","embeddable":true,"href":"https:\/\/juvigo.pt\/revista\/wp-json\/wp\/v2\/tags?post=9145"},{"taxonomy":"table_tags","embeddable":true,"href":"https:\/\/juvigo.pt\/revista\/wp-json\/wp\/v2\/table_tags?post=9145"}],"curies":[{"name":"wp","href":"https:\/\/api.w.org\/{rel}","templated":true}]}}