{"id":8980,"date":"2024-10-16T11:22:19","date_gmt":"2024-10-16T10:22:19","guid":{"rendered":"https:\/\/juvigo.pt\/revista\/?p=8980"},"modified":"2025-01-14T14:01:41","modified_gmt":"2025-01-14T14:01:41","slug":"o-que-levar-para-um-acampamento-de-verao","status":"publish","type":"post","link":"https:\/\/juvigo.pt\/revista\/dicas\/o-que-levar-para-um-acampamento-de-verao\/","title":{"rendered":"O que levar para um Acampamento de Ver\u00e3o?"},"content":{"rendered":"\n<p>Quando chega a \u00e9poca do ver\u00e3o, muitos jovens come\u00e7am a fazer as malas para os t\u00e3o esperados <a href=\"https:\/\/juvigo.pt\/cursos-de-verao\" target=\"_blank\" rel=\"noreferrer noopener\">cursos de ver\u00e3o<\/a> e <a href=\"https:\/\/juvigo.pt\/colonias-de-ferias\" target=\"_blank\" rel=\"noreferrer noopener\">col\u00f3nias de f\u00e9rias<\/a>. Para garantir que aproveitam ao m\u00e1ximo essa experi\u00eancia, \u00e9 importante saber o que levar para um acampamento de ver\u00e3o, por isso, este artigo ajudar\u00e1 os pais e os jovens a preparar-se para uma estadia tranquila e divertida nos <a href=\"https:\/\/juvigo.pt\/campos-de-ferias\" target=\"_blank\" rel=\"noreferrer noopener\">cursos de ver\u00e3o para jovens<\/a> em Portugal ou em qualquer international summer camp ao redor do mundo.<\/p>\n\n\n\n<h4 class=\"wp-block-heading\"><strong>1. Roupas Confort\u00e1veis e Adequadas<\/strong><\/h4>\n\n\n\n<p>Uma das primeiras coisas a incluir na lista do que levar para um acampamento de ver\u00e3o s\u00e3o as roupas. Os campos de f\u00e9rias geralmente envolvem muitas atividades ao ar livre, como desportos, caminhadas, atividades e jogos em grupo, logo, \u00e9 essencial escolher roupas leves, el\u00e1sticas e confort\u00e1veis, de prefer\u00eancia que permitam uma boa ventila\u00e7\u00e3o e sequem rapidamente.<\/p>\n\n\n\n<p>Para atividades espec\u00edficas, como os <a href=\"https:\/\/juvigo.pt\/campos-de-ferias\/campos-de-ferias-futebol\">campos de f\u00e9rias de futebol,<\/a> \u00e9 importante levar equipamento adequado, como t-shirts, cal\u00e7\u00f5es de desporto, meias extra e t\u00e9nis confort\u00e1veis. N\u00e3o te esque\u00e7as de trazer uma camisola ou casaco para as noites mais frescas. O truque \u00e9 levar roupas pr\u00e1ticas e f\u00e1ceis de combinar.<\/p>\n\n\n\n<p><\/p>\n\n\n<div class=\"wp-block-image\">\n<figure class=\"alignleft size-full is-resized\"><img decoding=\"async\" width=\"512\" height=\"410\" data-src=\"https:\/\/juvigo.pt\/revista\/wp-content\/uploads\/2024\/10\/imagem1-1.jpg\" alt=\"O que levar para um Acampamento de Ver\u00e3o?\" class=\"wp-image-8982 lazyload\" style=\"--smush-placeholder-width: 512px; --smush-placeholder-aspect-ratio: 512\/410;aspect-ratio:1.248780487804878;width:293px;height:auto\" data-srcset=\"https:\/\/juvigo.pt\/revista\/wp-content\/uploads\/2024\/10\/imagem1-1.jpg 512w, https:\/\/juvigo.pt\/revista\/wp-content\/uploads\/2024\/10\/imagem1-1-300x240.jpg 300w\" data-sizes=\"(max-width: 512px) 100vw, 512px\" src=\"data:image\/gif;base64,R0lGODlhAQABAAAAACH5BAEKAAEALAAAAAABAAEAAAICTAEAOw==\" \/><\/figure><\/div>\n\n\n<h4 class=\"wp-block-heading\"><strong>2. Cal\u00e7ado Apropriado<\/strong><\/h4>\n\n\n\n<p>Escolher o cal\u00e7ado certo \u00e9 fundamental para garantir conforto durante os cursos de ver\u00e3o. Recomenda-se que leves um par de t\u00e9nis para caminhadas e atividades mais f\u00edsicas, chinelos para usar no banho ou atividades aqu\u00e1ticas, e sand\u00e1lias para momentos de lazer. O importante \u00e9 que os sapatos sejam confort\u00e1veis e adequados para o tipo de atividades que o jovem ir\u00e1 realizar.<\/p>\n\n\n\n<h4 class=\"wp-block-heading\"><strong>3. Artigos de Higiene Pessoal<\/strong><\/h4>\n\n\n\n<p>No meio de tanta divers\u00e3o, \u00e9 f\u00e1cil esquecer da import\u00e2ncia da higiene pessoal, mas este \u00e9 um dos pontos cruciais para saber o que levar para um acampamento de ver\u00e3o. Uma necessaire com itens b\u00e1sicos, como escova de dentes, pasta, sabonete, shampoo, toalha, protetor solar e repelente de insetos \u00e9 essencial. Em alguns <a href=\"https:\/\/juvigo.es\/campos-de-ferias\/cursos-de-linguas-juvigo\">cursos de l\u00ednguas<\/a> e col\u00f3nias de f\u00e9rias, os jovens passam muito tempo ao ar livre, por isso o protetor solar e o repelente s\u00e3o itens indispens\u00e1veis para evitar queimaduras e picadas de insetos.<\/p>\n\n\n\n<h4 class=\"wp-block-heading\"><strong>4. Material Escolar e de Aprendizagem<\/strong><\/h4>\n\n\n\n<p>Alguns cursos de ver\u00e3o para jovens combinam atividades de lazer com a aprendizagem de novas l\u00ednguas e habilidades. Nos cursos de l\u00ednguas Juvigo, por exemplo, os jovens precisam de cadernos, canetas e talvez at\u00e9 de um dicion\u00e1rio. \u00c9 sempre bom ter uma pequena mochila para carregar esses materiais durante as atividades di\u00e1rias. Em Portugal, h\u00e1 v\u00e1rias op\u00e7\u00f5es de <a href=\"https:\/\/juvigo.pt\/campos-de-ferias\" target=\"_blank\" rel=\"noreferrer noopener\">cursos de ver\u00e3o Portugal<\/a> que incluem componentes educativos, seja no campo da ci\u00eancia, artes ou lingu\u00edstica. Ter o material necess\u00e1rio ajuda o jovem a aproveitar ao m\u00e1ximo essas experi\u00eancias.<\/p>\n\n\n\n<h4 class=\"wp-block-heading\"><strong>5. Equipamento para Atividades ao Ar Livre<\/strong><\/h4>\n\n\n\n<p>Grande parte do que se faz nos cursos de ver\u00e3o e <a href=\"https:\/\/juvigo.pt\/campos-de-ferias\/campos-de-ferias-lisboa\" target=\"_blank\" rel=\"noreferrer noopener\">campos de f\u00e9rias<\/a>, envolve atividades ao ar livre. Por isso, al\u00e9m de roupas e cal\u00e7ado adequados, \u00e9 recomend\u00e1vel levar uma garrafa de \u00e1gua reutiliz\u00e1vel, um bon\u00e9 ou chap\u00e9u, e \u00f3culos de sol. Se o acampamento incluir atividades como canoagem ou escalada, pode ser necess\u00e1rio algum equipamento espec\u00edfico, mas geralmente os pr\u00f3prios acampamentos fornecem os materiais. Informa-te com anteced\u00eancia sobre as atividades que estar\u00e3o dispon\u00edveis e o que \u00e9 exigido para cada uma delas.<\/p>\n\n\n\n<h4 class=\"wp-block-heading\"><strong>6. Materiais de Conforto e Divers\u00e3o<\/strong><\/h4>\n\n\n\n<p>Para momentos de descanso, \u00e9 bom ter alguns itens pessoais que ofere\u00e7am conforto. Um saco de cama, se n\u00e3o for fornecido pelo acampamento, e uma pequena almofada s\u00e3o boas op\u00e7\u00f5es. Al\u00e9m disso, levar um livro, um baralho de cartas ou jogos de tabuleiro tamb\u00e9m \u00e9 interessante, especialmente para as col\u00f3nias de f\u00e9rias em Portugal, onde os jovens ter\u00e3o tempo para socializar e relaxar entre as atividades.<\/p>\n\n\n\n<p>Em acampamentos um pouco maiores, como alguns <a href=\"https:\/\/juvigo.pt\/summer-camps\" target=\"_blank\" rel=\"noreferrer noopener\">summer camps<\/a>, h\u00e1 uma programa\u00e7\u00e3o muito variada, ent\u00e3o os jovens ter\u00e3o a oportunidade de fazer amizades com pessoas de diferentes nacionalidades. Levar pequenos itens de conforto pode ajudar a criar um ambiente mais familiar e acolhedor.<\/p>\n\n\n\n<h4 class=\"wp-block-heading\"><strong>7. Equipamentos Eletr\u00f3nicos (com Modera\u00e7\u00e3o)<\/strong><\/h4>\n\n\n\n<p>Nos cursos de ver\u00e3o para jovens e col\u00f3nias de f\u00e9rias, o uso de equipamentos eletr\u00f3nicos \u00e9, por vezes, limitado. muitas vezes limitado. No entanto, pode ser \u00fatil levar um telem\u00f3vel, que permita ao jovem manter-se em contacto com a fam\u00edlia, e um carregador port\u00e1til, caso haja necessidade. Contudo, o ideal \u00e9 que os jovens aproveitem ao m\u00e1ximo o ambiente descontra\u00eddo e as atividades ao ar livre, por isso, o uso de tecnologia deve ser moderado.<\/p>\n\n\n<div class=\"wp-block-image\">\n<figure class=\"alignright size-full is-resized\"><img decoding=\"async\" width=\"972\" height=\"647\" data-src=\"https:\/\/juvigo.pt\/revista\/wp-content\/uploads\/2024\/10\/imagem2-1.jpg\" alt=\"O que levar para um Acampamento de Ver\u00e3o?\" class=\"wp-image-8983 lazyload\" style=\"--smush-placeholder-width: 972px; --smush-placeholder-aspect-ratio: 972\/647;aspect-ratio:1.5023183925811436;width:443px;height:auto\" data-srcset=\"https:\/\/juvigo.pt\/revista\/wp-content\/uploads\/2024\/10\/imagem2-1.jpg 972w, https:\/\/juvigo.pt\/revista\/wp-content\/uploads\/2024\/10\/imagem2-1-300x200.jpg 300w, https:\/\/juvigo.pt\/revista\/wp-content\/uploads\/2024\/10\/imagem2-1-768x511.jpg 768w, https:\/\/juvigo.pt\/revista\/wp-content\/uploads\/2024\/10\/imagem2-1-600x399.jpg 600w, https:\/\/juvigo.pt\/revista\/wp-content\/uploads\/2024\/10\/imagem2-1-800x533.jpg 800w, https:\/\/juvigo.pt\/revista\/wp-content\/uploads\/2024\/10\/imagem2-1-227x152.jpg 227w, https:\/\/juvigo.pt\/revista\/wp-content\/uploads\/2024\/10\/imagem2-1-143x96.jpg 143w, https:\/\/juvigo.pt\/revista\/wp-content\/uploads\/2024\/10\/imagem2-1-585x390.jpg 585w, https:\/\/juvigo.pt\/revista\/wp-content\/uploads\/2024\/10\/imagem2-1-385x257.jpg 385w\" data-sizes=\"(max-width: 972px) 100vw, 972px\" src=\"data:image\/gif;base64,R0lGODlhAQABAAAAACH5BAEKAAEALAAAAAABAAEAAAICTAEAOw==\" \/><\/figure><\/div>\n\n\n<h4 class=\"wp-block-heading\"><strong>8. Documenta\u00e7\u00e3o e Dinheiro<\/strong><\/h4>\n\n\n\n<p>Dependendo do tipo de campos de f\u00e9rias ou cursos de ver\u00e3o Portugal escolhido por ti, pode ser necess\u00e1rio apresentar documenta\u00e7\u00e3o, como o cart\u00e3o de cidad\u00e3o e o cart\u00e3o de sa\u00fade. Al\u00e9m disso, em alguns international summer camps, tamb\u00e9m pode ser preciso o passaporte. Verifica com o acampamento se h\u00e1 necessidade de levar dinheiro para despesas adicionais, tais como snacks, lembran\u00e7as ou eventuais passeios.<\/p>\n\n\n\n<h4 class=\"wp-block-heading\"><strong>9. Medicamentos e Primeiros Socorros<\/strong><\/h4>\n\n\n\n<p>Caso o jovem precise de medica\u00e7\u00e3o di\u00e1ria, \u00e9 importante preparar uma bolsa com todos os rem\u00e9dios necess\u00e1rios e instru\u00e7\u00f5es de uso para que, dessa forma, os monitores tenham conhecimento. Mesmo que os campos de f\u00e9rias last minute tenham kits de primeiros socorros, ainda assim, \u00e9 aconselh\u00e1vel levar uma pequena bolsa com band-aids, pomada para picadas de insetos e analg\u00e9sicos.<\/p>\n\n\n\n<h3 class=\"wp-block-heading\"><strong>Escolhe o Acampamento de Ver\u00e3o Ideal<\/strong><\/h3>\n\n\n\n<p>Agora que j\u00e1 fal\u00e1mos o que levar para um acampamento de ver\u00e3o, \u00e9 importante pensar tamb\u00e9m em como escolher o acampamento certo. Atualmente, existem muitas op\u00e7\u00f5es de cursos de ver\u00e3o e col\u00f3nias de f\u00e9rias em Portugal e no exterior. Para quem procura algo educativo, os cursos de l\u00ednguas Juvigo s\u00e3o uma excelente escolha, combinando a aprendizagem de uma nova l\u00edngua com atividades de lazer.<\/p>\n\n\n\n<p>Para jovens mais desportistas, os <a href=\"https:\/\/juvigo.pt\/campos-de-ferias\/campos-de-ferias-aventura\" target=\"_blank\" rel=\"noreferrer noopener\">campos de f\u00e9rias de aventura<\/a> oferecem a oportunidade de melhorar as tuas habilidades no desporto, enquanto convivem com outros jovens que partilham a mesma paix\u00e3o. JPor outro lado, para aqueles que desejam uma experi\u00eancia mais multicultural, os international summer camps s\u00e3o perfeitos, proporcionando uma imers\u00e3o em diferentes culturas e l\u00ednguas.<\/p>\n\n\n\n<p>Em Portugal, os cursos de ver\u00e3o Portugal s\u00e3o variados, com op\u00e7\u00f5es que v\u00e3o desde a pr\u00e1tica de desportos aqu\u00e1ticos at\u00e9 atividades de ci\u00eancia e rob\u00f3tica. Dessa forma, a escolha do acampamento deve ser baseada nos interesses e necessidades do jovem, considerando sempre o que ele mais gosta de fazer.<\/p>\n\n\n<div class=\"wp-block-image\">\n<figure class=\"alignleft size-large is-resized\"><img decoding=\"async\" width=\"1024\" height=\"683\" data-src=\"https:\/\/juvigo.pt\/revista\/wp-content\/uploads\/2024\/10\/imagem3-1-1024x683.jpg\" alt=\"O que levar para um Acampamento de Ver\u00e3o?\" class=\"wp-image-8984 lazyload\" style=\"--smush-placeholder-width: 1024px; --smush-placeholder-aspect-ratio: 1024\/683;aspect-ratio:1.5;width:338px;height:auto\" data-srcset=\"https:\/\/juvigo.pt\/revista\/wp-content\/uploads\/2024\/10\/imagem3-1-1024x683.jpg 1024w, https:\/\/juvigo.pt\/revista\/wp-content\/uploads\/2024\/10\/imagem3-1-300x200.jpg 300w, https:\/\/juvigo.pt\/revista\/wp-content\/uploads\/2024\/10\/imagem3-1-768x512.jpg 768w, https:\/\/juvigo.pt\/revista\/wp-content\/uploads\/2024\/10\/imagem3-1-600x400.jpg 600w, https:\/\/juvigo.pt\/revista\/wp-content\/uploads\/2024\/10\/imagem3-1-800x533.jpg 800w, https:\/\/juvigo.pt\/revista\/wp-content\/uploads\/2024\/10\/imagem3-1-227x152.jpg 227w, https:\/\/juvigo.pt\/revista\/wp-content\/uploads\/2024\/10\/imagem3-1-143x96.jpg 143w, https:\/\/juvigo.pt\/revista\/wp-content\/uploads\/2024\/10\/imagem3-1-585x390.jpg 585w, https:\/\/juvigo.pt\/revista\/wp-content\/uploads\/2024\/10\/imagem3-1-385x257.jpg 385w, https:\/\/juvigo.pt\/revista\/wp-content\/uploads\/2024\/10\/imagem3-1.jpg 1296w\" data-sizes=\"(max-width: 1024px) 100vw, 1024px\" src=\"data:image\/gif;base64,R0lGODlhAQABAAAAACH5BAEKAAEALAAAAAABAAEAAAICTAEAOw==\" \/><\/figure><\/div>\n\n\n<h3 class=\"wp-block-heading\"><strong>\u00daltimas Dicas para um Ver\u00e3o Inesquec\u00edvel<\/strong><\/h3>\n\n\n\n<p>Quando se trata de escolher e preparar o que levar para um acampamento de ver\u00e3o, o mais importante \u00e9 garantir que o jovem tenha tudo o que precisa para aproveitar ao m\u00e1ximo essa experi\u00eancia \u00fanica. Independentemente do acampamento escolhido, seja ele um dos <a href=\"https:\/\/juvigo.pt\/campos-de-ferias-internacionais\" target=\"_blank\" rel=\"noreferrer noopener\">campos de f\u00e9rias internacionais<\/a>, ou um dos tradicionais cursos de ver\u00e3o para jovens, o fundamental \u00e9 que todos os materiais essenciais estejam na mala.<\/p>\n\n\n\n<p>Recomendamos tamb\u00e9m envolver o jovem na prepara\u00e7\u00e3o, permitindo que ele ou ela participe na escolha dos itens que deseja levar. Dessa forma, sentir-se-\u00e1 mais confiante e preparado para viver essa aventura.<\/p>\n\n\n\n<p>Se est\u00e1, neste momento, \u00e0 procura de um lugar para inscrever o seu filho, as op\u00e7\u00f5es s\u00e3o vastas. Existem col\u00f3nias de f\u00e9rias para todos os gostos, e Portugal \u00e9 um destino excelente para jovens de todas as idades. Desde atividades ao ar livre at\u00e9 programas educacionais em cursos de l\u00ednguas Juvigo, o ver\u00e3o promete ser uma temporada cheia de aprendizagem, amizades e divers\u00e3o.<\/p>\n\n\n\n<p>Portanto, quando pensares o que levar para um acampamento de ver\u00e3o, lembra-te das dicas que mencion\u00e1mos neste artigo. Com a prepara\u00e7\u00e3o certa, o teu ver\u00e3o ser\u00e1 inesquec\u00edvel e repleto de aventuras!<\/p>\n\n\n\n<div class=\"wp-block-columns is-layout-flex wp-container-core-columns-is-layout-1 wp-block-columns-is-layout-flex\">\n<div class=\"wp-block-column is-layout-flow wp-block-column-is-layout-flow\"><script>\r\n  document.addEventListener(\"DOMContentLoaded\", function () {\r\n    const today = new Date();\r\n    const currentYear = today.getFullYear();\r\n    const displayYear = (today.getMonth() >= 10) ? currentYear + 1 : currentYear;\r\n\r\n    document.querySelectorAll('.display-year').forEach(el => {\r\n      el.textContent = displayYear;\r\n    });\r\n  });\r\n<\/script>\r\n<div #2b2f6f;\" class=\"card\">\r\n\t\t\t<a  href=\"https:\/\/juvigo.pt\/campos-de-ferias\/campos-de-ferias-aventura\" title=\"Campos de f\u00e9rias Aventura\">\r\n\t\t\t\t<img decoding=\"async\" data-src=\"https:\/\/juvigo.pt\/assets\/img\/category\/campos-de-ferias-aventura-small.jpg\" src=\"data:image\/gif;base64,R0lGODlhAQABAAAAACH5BAEKAAEALAAAAAABAAEAAAICTAEAOw==\" class=\"lazyload\" \/>\r\n\t\t\t<\/a>\r\n\t\t\t<div class=\"card-content\">\r\n               <div class=\"title-wrapper\">\r\n                  <br><a  href=\"https:\/\/juvigo.pt\/campos-de-ferias\/campos-de-ferias-aventura\" title=\"Campos de f\u00e9rias Aventura\"><center><h4><p class=\"camp-title\">Campos de f\u00e9rias Aventura <span class=\"display-year\"><\/span><\/p><\/h4><\/center><\/a>\r\n            <\/div>\r\n\t\t\t\t<div class=\"content-text\">\r\n\t\t\t\t\t<p class=\"region-info par\">\r\n                                              <center>Todos os campos de f\u00e9rias em <span class=\"display-year\"><\/span> em Juvigo!<\/center>\r\n                      <\/p>\r\n\t\t\t\t<\/div>\r\n\t\t\t<\/div>\r\n\t\t\t<span style=\"font-family:Quicksand\"><a href=\"https:\/\/juvigo.pt\/campos-de-ferias\/campos-de-ferias-aventura\" title=\"Campos de f\u00e9rias Aventura\"><button class=\"btn btn-yellow card-btn col-md-12\">Ver ofertas<\/button><\/a><\/span>\r\n\t\t<\/div>\r\n\t\t<br>\r\n\r\n<!--style=\"border:1px border-radius:25px solid-->\r\n  \r\n<!-- Die Kategorie-Karten m\u00fcssen noch weiter ausgebaut werden-->\n<\/div>\n\n\n\n<div class=\"wp-block-column is-layout-flow wp-block-column-is-layout-flow\"><script>\r\n  document.addEventListener(\"DOMContentLoaded\", function () {\r\n    const today = new Date();\r\n    const currentYear = today.getFullYear();\r\n    const displayYear = (today.getMonth() >= 10) ? currentYear + 1 : currentYear;\r\n\r\n    document.querySelectorAll('.display-year').forEach(el => {\r\n      el.textContent = displayYear;\r\n    });\r\n  });\r\n<\/script>\r\n<div #2b2f6f;\" class=\"card\">\r\n\t\t\t<a  href=\"https:\/\/juvigo.pt\/campos-de-ferias\/campos-de-ferias-natureza\" title=\"Campos de f\u00e9rias Natureza\">\r\n\t\t\t\t<img decoding=\"async\" data-src=\"https:\/\/juvigo.pt\/assets\/img\/category\/campos-de-ferias-natureza-small.jpg\" src=\"data:image\/gif;base64,R0lGODlhAQABAAAAACH5BAEKAAEALAAAAAABAAEAAAICTAEAOw==\" class=\"lazyload\" \/>\r\n\t\t\t<\/a>\r\n\t\t\t<div class=\"card-content\">\r\n               <div class=\"title-wrapper\">\r\n                  <br><a  href=\"https:\/\/juvigo.pt\/campos-de-ferias\/campos-de-ferias-natureza\" title=\"Campos de f\u00e9rias Natureza\"><center><h4><p class=\"camp-title\">Campos de f\u00e9rias Natureza <span class=\"display-year\"><\/span><\/p><\/h4><\/center><\/a>\r\n            <\/div>\r\n\t\t\t\t<div class=\"content-text\">\r\n\t\t\t\t\t<p class=\"region-info par\">\r\n                                              <center>Todos os campos de f\u00e9rias em <span class=\"display-year\"><\/span> em Juvigo!<\/center>\r\n                      <\/p>\r\n\t\t\t\t<\/div>\r\n\t\t\t<\/div>\r\n\t\t\t<span style=\"font-family:Quicksand\"><a href=\"https:\/\/juvigo.pt\/campos-de-ferias\/campos-de-ferias-natureza\" title=\"Campos de f\u00e9rias Natureza\"><button class=\"btn btn-yellow card-btn col-md-12\">Ver ofertas<\/button><\/a><\/span>\r\n\t\t<\/div>\r\n\t\t<br>\r\n\r\n<!--style=\"border:1px border-radius:25px solid-->\r\n  \r\n<!-- Die Kategorie-Karten m\u00fcssen noch weiter ausgebaut werden-->\n<\/div>\n<\/div>\n","protected":false},"excerpt":{"rendered":"<p>Diverte-te no Acampamento de Ver\u00e3o.<\/p>\n","protected":false},"author":23,"featured_media":8988,"comment_status":"open","ping_status":"closed","sticky":false,"template":"","format":"standard","meta":{"advgb_blocks_editor_width":"","advgb_blocks_columns_visual_guide":"","footnotes":"","_links_to":"","_links_to_target":""},"categories":[2,37,21],"tags":[],"table_tags":[],"class_list":["post-8980","post","type-post","status-publish","format-standard","has-post-thumbnail","hentry","category-dicas","category-dicas-e-truques","category-informacao-para-os-pais"],"yoast_head":"<!-- This site is optimized with the Yoast SEO plugin v24.8.1 - https:\/\/yoast.com\/wordpress\/plugins\/seo\/ -->\n<title>O que levar para um Acampamento de Ver\u00e3o? - Juvigo Revista<\/title>\n<meta name=\"robots\" content=\"index, follow, max-snippet:-1, max-image-preview:large, max-video-preview:-1\" \/>\n<link rel=\"canonical\" href=\"https:\/\/juvigo.pt\/revista\/dicas\/o-que-levar-para-um-acampamento-de-verao\/\" \/>\n<meta property=\"og:locale\" content=\"pt_PT\" \/>\n<meta property=\"og:type\" content=\"article\" \/>\n<meta property=\"og:title\" content=\"O que levar para um Acampamento de Ver\u00e3o? - Juvigo Revista\" \/>\n<meta property=\"og:description\" content=\"Diverte-te no Acampamento de Ver\u00e3o.\" \/>\n<meta property=\"og:url\" content=\"https:\/\/juvigo.pt\/revista\/dicas\/o-que-levar-para-um-acampamento-de-verao\/\" \/>\n<meta property=\"og:site_name\" content=\"Juvigo Revista\" \/>\n<meta property=\"article:publisher\" content=\"https:\/\/de-de.facebook.com\/meinjuvigo\" \/>\n<meta property=\"article:published_time\" content=\"2024-10-16T10:22:19+00:00\" \/>\n<meta property=\"article:modified_time\" content=\"2025-01-14T14:01:41+00:00\" \/>\n<meta property=\"og:image\" content=\"https:\/\/juvigo.pt\/revista\/wp-content\/uploads\/2024\/10\/banner-pronto-1.jpg\" \/>\n\t<meta property=\"og:image:width\" content=\"1260\" \/>\n\t<meta property=\"og:image:height\" content=\"840\" \/>\n\t<meta property=\"og:image:type\" content=\"image\/jpeg\" \/>\n<meta name=\"author\" content=\"Joana\" \/>\n<meta name=\"twitter:card\" content=\"summary_large_image\" \/>\n<meta name=\"twitter:creator\" content=\"@meinjuvigo\" \/>\n<meta name=\"twitter:site\" content=\"@meinjuvigo\" \/>\n<meta name=\"twitter:label1\" content=\"Escrito por\" \/>\n\t<meta name=\"twitter:data1\" content=\"Joana\" \/>\n\t<meta name=\"twitter:label2\" content=\"Tempo estimado de leitura\" \/>\n\t<meta name=\"twitter:data2\" content=\"8 minutos\" \/>\n<script type=\"application\/ld+json\" class=\"yoast-schema-graph\">{\"@context\":\"https:\/\/schema.org\",\"@graph\":[{\"@type\":\"Article\",\"@id\":\"https:\/\/juvigo.pt\/revista\/dicas\/o-que-levar-para-um-acampamento-de-verao\/#article\",\"isPartOf\":{\"@id\":\"https:\/\/juvigo.pt\/revista\/dicas\/o-que-levar-para-um-acampamento-de-verao\/\"},\"author\":{\"name\":\"Joana\",\"@id\":\"https:\/\/juvigo.pt\/revista\/#\/schema\/person\/02e1215b0e8b659b6c41bfad3c698117\"},\"headline\":\"O que levar para um Acampamento de Ver\u00e3o?\",\"datePublished\":\"2024-10-16T10:22:19+00:00\",\"dateModified\":\"2025-01-14T14:01:41+00:00\",\"mainEntityOfPage\":{\"@id\":\"https:\/\/juvigo.pt\/revista\/dicas\/o-que-levar-para-um-acampamento-de-verao\/\"},\"wordCount\":1403,\"commentCount\":0,\"publisher\":{\"@id\":\"https:\/\/juvigo.pt\/revista\/#organization\"},\"image\":{\"@id\":\"https:\/\/juvigo.pt\/revista\/dicas\/o-que-levar-para-um-acampamento-de-verao\/#primaryimage\"},\"thumbnailUrl\":\"https:\/\/juvigo.pt\/revista\/wp-content\/uploads\/2024\/10\/banner-pronto-1.jpg\",\"articleSection\":[\"Dicas\",\"Dicas e truques\",\"Informa\u00e7\u00e3o para os pais\"],\"inLanguage\":\"pt\",\"potentialAction\":[{\"@type\":\"CommentAction\",\"name\":\"Comment\",\"target\":[\"https:\/\/juvigo.pt\/revista\/dicas\/o-que-levar-para-um-acampamento-de-verao\/#respond\"]}]},{\"@type\":\"WebPage\",\"@id\":\"https:\/\/juvigo.pt\/revista\/dicas\/o-que-levar-para-um-acampamento-de-verao\/\",\"url\":\"https:\/\/juvigo.pt\/revista\/dicas\/o-que-levar-para-um-acampamento-de-verao\/\",\"name\":\"O que levar para um Acampamento de Ver\u00e3o? - Juvigo Revista\",\"isPartOf\":{\"@id\":\"https:\/\/juvigo.pt\/revista\/#website\"},\"primaryImageOfPage\":{\"@id\":\"https:\/\/juvigo.pt\/revista\/dicas\/o-que-levar-para-um-acampamento-de-verao\/#primaryimage\"},\"image\":{\"@id\":\"https:\/\/juvigo.pt\/revista\/dicas\/o-que-levar-para-um-acampamento-de-verao\/#primaryimage\"},\"thumbnailUrl\":\"https:\/\/juvigo.pt\/revista\/wp-content\/uploads\/2024\/10\/banner-pronto-1.jpg\",\"datePublished\":\"2024-10-16T10:22:19+00:00\",\"dateModified\":\"2025-01-14T14:01:41+00:00\",\"breadcrumb\":{\"@id\":\"https:\/\/juvigo.pt\/revista\/dicas\/o-que-levar-para-um-acampamento-de-verao\/#breadcrumb\"},\"inLanguage\":\"pt\",\"potentialAction\":[{\"@type\":\"ReadAction\",\"target\":[\"https:\/\/juvigo.pt\/revista\/dicas\/o-que-levar-para-um-acampamento-de-verao\/\"]}]},{\"@type\":\"ImageObject\",\"inLanguage\":\"pt\",\"@id\":\"https:\/\/juvigo.pt\/revista\/dicas\/o-que-levar-para-um-acampamento-de-verao\/#primaryimage\",\"url\":\"https:\/\/juvigo.pt\/revista\/wp-content\/uploads\/2024\/10\/banner-pronto-1.jpg\",\"contentUrl\":\"https:\/\/juvigo.pt\/revista\/wp-content\/uploads\/2024\/10\/banner-pronto-1.jpg\",\"width\":1260,\"height\":840,\"caption\":\"Explora as mais magnificas paisagens! E descobre o que levar para um Acampamento de Ver\u00e3o?\"},{\"@type\":\"BreadcrumbList\",\"@id\":\"https:\/\/juvigo.pt\/revista\/dicas\/o-que-levar-para-um-acampamento-de-verao\/#breadcrumb\",\"itemListElement\":[{\"@type\":\"ListItem\",\"position\":1,\"name\":\"Juvigo Revista\",\"item\":\"https:\/\/juvigo.pt\/revista\/\"},{\"@type\":\"ListItem\",\"position\":2,\"name\":\"Dicas\",\"item\":\"https:\/\/juvigo.pt\/revista\/dicas\/\"},{\"@type\":\"ListItem\",\"position\":3,\"name\":\"O que levar para um Acampamento de Ver\u00e3o?\"}]},{\"@type\":\"WebSite\",\"@id\":\"https:\/\/juvigo.pt\/revista\/#website\",\"url\":\"https:\/\/juvigo.pt\/revista\/\",\"name\":\"Juvigo Revista\",\"description\":\"A revista Juvigo de Campos de f\u00e9rias, Col\u00f3nias de f\u00e9rias e Cursos de L\u00ednguas\",\"publisher\":{\"@id\":\"https:\/\/juvigo.pt\/revista\/#organization\"},\"potentialAction\":[{\"@type\":\"SearchAction\",\"target\":{\"@type\":\"EntryPoint\",\"urlTemplate\":\"https:\/\/juvigo.pt\/revista\/?s={search_term_string}\"},\"query-input\":{\"@type\":\"PropertyValueSpecification\",\"valueRequired\":true,\"valueName\":\"search_term_string\"}}],\"inLanguage\":\"pt\"},{\"@type\":\"Organization\",\"@id\":\"https:\/\/juvigo.pt\/revista\/#organization\",\"name\":\"Juvigo GmbH\",\"url\":\"https:\/\/juvigo.pt\/revista\/\",\"logo\":{\"@type\":\"ImageObject\",\"inLanguage\":\"pt\",\"@id\":\"https:\/\/juvigo.pt\/revista\/#\/schema\/logo\/image\/\",\"url\":\"https:\/\/juvigo.es\/revista\/wp-content\/uploads\/2022\/02\/magazine_logo_scaled.png\",\"contentUrl\":\"https:\/\/juvigo.es\/revista\/wp-content\/uploads\/2022\/02\/magazine_logo_scaled.png\",\"width\":240,\"height\":100,\"caption\":\"Juvigo GmbH\"},\"image\":{\"@id\":\"https:\/\/juvigo.pt\/revista\/#\/schema\/logo\/image\/\"},\"sameAs\":[\"https:\/\/de-de.facebook.com\/meinjuvigo\",\"https:\/\/x.com\/meinjuvigo\",\"http:\/\/instagram.com\/juvigo_de\/\"]},{\"@type\":\"Person\",\"@id\":\"https:\/\/juvigo.pt\/revista\/#\/schema\/person\/02e1215b0e8b659b6c41bfad3c698117\",\"name\":\"Joana\",\"image\":{\"@type\":\"ImageObject\",\"inLanguage\":\"pt\",\"@id\":\"https:\/\/juvigo.pt\/revista\/#\/schema\/person\/image\/\",\"url\":\"https:\/\/juvigo.pt\/revista\/wp-content\/uploads\/2024\/10\/Joana-Vargas-150x150.jpg\",\"contentUrl\":\"https:\/\/juvigo.pt\/revista\/wp-content\/uploads\/2024\/10\/Joana-Vargas-150x150.jpg\",\"caption\":\"Joana\"},\"url\":\"https:\/\/juvigo.pt\/revista\/author\/joana\/\"}]}<\/script>\n<!-- \/ Yoast SEO plugin. -->","yoast_head_json":{"title":"O que levar para um Acampamento de Ver\u00e3o? - Juvigo Revista","robots":{"index":"index","follow":"follow","max-snippet":"max-snippet:-1","max-image-preview":"max-image-preview:large","max-video-preview":"max-video-preview:-1"},"canonical":"https:\/\/juvigo.pt\/revista\/dicas\/o-que-levar-para-um-acampamento-de-verao\/","og_locale":"pt_PT","og_type":"article","og_title":"O que levar para um Acampamento de Ver\u00e3o? - Juvigo Revista","og_description":"Diverte-te no Acampamento de Ver\u00e3o.","og_url":"https:\/\/juvigo.pt\/revista\/dicas\/o-que-levar-para-um-acampamento-de-verao\/","og_site_name":"Juvigo Revista","article_publisher":"https:\/\/de-de.facebook.com\/meinjuvigo","article_published_time":"2024-10-16T10:22:19+00:00","article_modified_time":"2025-01-14T14:01:41+00:00","og_image":[{"width":1260,"height":840,"url":"https:\/\/juvigo.pt\/revista\/wp-content\/uploads\/2024\/10\/banner-pronto-1.jpg","type":"image\/jpeg"}],"author":"Joana","twitter_card":"summary_large_image","twitter_creator":"@meinjuvigo","twitter_site":"@meinjuvigo","twitter_misc":{"Escrito por":"Joana","Tempo estimado de leitura":"8 minutos"},"schema":{"@context":"https:\/\/schema.org","@graph":[{"@type":"Article","@id":"https:\/\/juvigo.pt\/revista\/dicas\/o-que-levar-para-um-acampamento-de-verao\/#article","isPartOf":{"@id":"https:\/\/juvigo.pt\/revista\/dicas\/o-que-levar-para-um-acampamento-de-verao\/"},"author":{"name":"Joana","@id":"https:\/\/juvigo.pt\/revista\/#\/schema\/person\/02e1215b0e8b659b6c41bfad3c698117"},"headline":"O que levar para um Acampamento de Ver\u00e3o?","datePublished":"2024-10-16T10:22:19+00:00","dateModified":"2025-01-14T14:01:41+00:00","mainEntityOfPage":{"@id":"https:\/\/juvigo.pt\/revista\/dicas\/o-que-levar-para-um-acampamento-de-verao\/"},"wordCount":1403,"commentCount":0,"publisher":{"@id":"https:\/\/juvigo.pt\/revista\/#organization"},"image":{"@id":"https:\/\/juvigo.pt\/revista\/dicas\/o-que-levar-para-um-acampamento-de-verao\/#primaryimage"},"thumbnailUrl":"https:\/\/juvigo.pt\/revista\/wp-content\/uploads\/2024\/10\/banner-pronto-1.jpg","articleSection":["Dicas","Dicas e truques","Informa\u00e7\u00e3o para os pais"],"inLanguage":"pt","potentialAction":[{"@type":"CommentAction","name":"Comment","target":["https:\/\/juvigo.pt\/revista\/dicas\/o-que-levar-para-um-acampamento-de-verao\/#respond"]}]},{"@type":"WebPage","@id":"https:\/\/juvigo.pt\/revista\/dicas\/o-que-levar-para-um-acampamento-de-verao\/","url":"https:\/\/juvigo.pt\/revista\/dicas\/o-que-levar-para-um-acampamento-de-verao\/","name":"O que levar para um Acampamento de Ver\u00e3o? - Juvigo Revista","isPartOf":{"@id":"https:\/\/juvigo.pt\/revista\/#website"},"primaryImageOfPage":{"@id":"https:\/\/juvigo.pt\/revista\/dicas\/o-que-levar-para-um-acampamento-de-verao\/#primaryimage"},"image":{"@id":"https:\/\/juvigo.pt\/revista\/dicas\/o-que-levar-para-um-acampamento-de-verao\/#primaryimage"},"thumbnailUrl":"https:\/\/juvigo.pt\/revista\/wp-content\/uploads\/2024\/10\/banner-pronto-1.jpg","datePublished":"2024-10-16T10:22:19+00:00","dateModified":"2025-01-14T14:01:41+00:00","breadcrumb":{"@id":"https:\/\/juvigo.pt\/revista\/dicas\/o-que-levar-para-um-acampamento-de-verao\/#breadcrumb"},"inLanguage":"pt","potentialAction":[{"@type":"ReadAction","target":["https:\/\/juvigo.pt\/revista\/dicas\/o-que-levar-para-um-acampamento-de-verao\/"]}]},{"@type":"ImageObject","inLanguage":"pt","@id":"https:\/\/juvigo.pt\/revista\/dicas\/o-que-levar-para-um-acampamento-de-verao\/#primaryimage","url":"https:\/\/juvigo.pt\/revista\/wp-content\/uploads\/2024\/10\/banner-pronto-1.jpg","contentUrl":"https:\/\/juvigo.pt\/revista\/wp-content\/uploads\/2024\/10\/banner-pronto-1.jpg","width":1260,"height":840,"caption":"Explora as mais magnificas paisagens! E descobre o que levar para um Acampamento de Ver\u00e3o?"},{"@type":"BreadcrumbList","@id":"https:\/\/juvigo.pt\/revista\/dicas\/o-que-levar-para-um-acampamento-de-verao\/#breadcrumb","itemListElement":[{"@type":"ListItem","position":1,"name":"Juvigo Revista","item":"https:\/\/juvigo.pt\/revista\/"},{"@type":"ListItem","position":2,"name":"Dicas","item":"https:\/\/juvigo.pt\/revista\/dicas\/"},{"@type":"ListItem","position":3,"name":"O que levar para um Acampamento de Ver\u00e3o?"}]},{"@type":"WebSite","@id":"https:\/\/juvigo.pt\/revista\/#website","url":"https:\/\/juvigo.pt\/revista\/","name":"Juvigo Revista","description":"A revista Juvigo de Campos de f\u00e9rias, Col\u00f3nias de f\u00e9rias e Cursos de L\u00ednguas","publisher":{"@id":"https:\/\/juvigo.pt\/revista\/#organization"},"potentialAction":[{"@type":"SearchAction","target":{"@type":"EntryPoint","urlTemplate":"https:\/\/juvigo.pt\/revista\/?s={search_term_string}"},"query-input":{"@type":"PropertyValueSpecification","valueRequired":true,"valueName":"search_term_string"}}],"inLanguage":"pt"},{"@type":"Organization","@id":"https:\/\/juvigo.pt\/revista\/#organization","name":"Juvigo GmbH","url":"https:\/\/juvigo.pt\/revista\/","logo":{"@type":"ImageObject","inLanguage":"pt","@id":"https:\/\/juvigo.pt\/revista\/#\/schema\/logo\/image\/","url":"https:\/\/juvigo.es\/revista\/wp-content\/uploads\/2022\/02\/magazine_logo_scaled.png","contentUrl":"https:\/\/juvigo.es\/revista\/wp-content\/uploads\/2022\/02\/magazine_logo_scaled.png","width":240,"height":100,"caption":"Juvigo GmbH"},"image":{"@id":"https:\/\/juvigo.pt\/revista\/#\/schema\/logo\/image\/"},"sameAs":["https:\/\/de-de.facebook.com\/meinjuvigo","https:\/\/x.com\/meinjuvigo","http:\/\/instagram.com\/juvigo_de\/"]},{"@type":"Person","@id":"https:\/\/juvigo.pt\/revista\/#\/schema\/person\/02e1215b0e8b659b6c41bfad3c698117","name":"Joana","image":{"@type":"ImageObject","inLanguage":"pt","@id":"https:\/\/juvigo.pt\/revista\/#\/schema\/person\/image\/","url":"https:\/\/juvigo.pt\/revista\/wp-content\/uploads\/2024\/10\/Joana-Vargas-150x150.jpg","contentUrl":"https:\/\/juvigo.pt\/revista\/wp-content\/uploads\/2024\/10\/Joana-Vargas-150x150.jpg","caption":"Joana"},"url":"https:\/\/juvigo.pt\/revista\/author\/joana\/"}]}},"author_meta":{"display_name":"Joana","author_link":"https:\/\/juvigo.pt\/revista\/author\/joana\/"},"featured_img":"https:\/\/juvigo.pt\/revista\/wp-content\/uploads\/2024\/10\/banner-pronto-1-300x200.jpg","wps_subtitle":"","coauthors":[],"tax_additional":{"categories":{"linked":["<a href=\"https:\/\/juvigo.pt\/revista\/dicas\/\" class=\"advgb-post-tax-term\">Dicas<\/a>","<a href=\"https:\/\/juvigo.pt\/revista\/dicas\/dicas-e-truques\/\" class=\"advgb-post-tax-term\">Dicas e truques<\/a>","<a href=\"https:\/\/juvigo.pt\/revista\/dicas\/informacao-para-os-pais\/\" class=\"advgb-post-tax-term\">Informa\u00e7\u00e3o para os pais<\/a>"],"unlinked":["<span class=\"advgb-post-tax-term\">Dicas<\/span>","<span class=\"advgb-post-tax-term\">Dicas e truques<\/span>","<span class=\"advgb-post-tax-term\">Informa\u00e7\u00e3o para os pais<\/span>"]}},"comment_count":"0","relative_dates":{"created":"Posted 2 anos ago","modified":"Updated 1 ano ago"},"absolute_dates":{"created":"Posted on 16.10.2024","modified":"Updated on 14.01.2025"},"absolute_dates_time":{"created":"Posted on 16.10.2024 11:22","modified":"Updated on 14.01.2025 14:01"},"featured_img_caption":"Explora as mais magnificas paisagens! E descobre o que levar para um Acampamento de Ver\u00e3o?","series_order":"","_links":{"self":[{"href":"https:\/\/juvigo.pt\/revista\/wp-json\/wp\/v2\/posts\/8980","targetHints":{"allow":["GET"]}}],"collection":[{"href":"https:\/\/juvigo.pt\/revista\/wp-json\/wp\/v2\/posts"}],"about":[{"href":"https:\/\/juvigo.pt\/revista\/wp-json\/wp\/v2\/types\/post"}],"author":[{"embeddable":true,"href":"https:\/\/juvigo.pt\/revista\/wp-json\/wp\/v2\/users\/23"}],"replies":[{"embeddable":true,"href":"https:\/\/juvigo.pt\/revista\/wp-json\/wp\/v2\/comments?post=8980"}],"version-history":[{"count":10,"href":"https:\/\/juvigo.pt\/revista\/wp-json\/wp\/v2\/posts\/8980\/revisions"}],"predecessor-version":[{"id":9111,"href":"https:\/\/juvigo.pt\/revista\/wp-json\/wp\/v2\/posts\/8980\/revisions\/9111"}],"wp:featuredmedia":[{"embeddable":true,"href":"https:\/\/juvigo.pt\/revista\/wp-json\/wp\/v2\/media\/8988"}],"wp:attachment":[{"href":"https:\/\/juvigo.pt\/revista\/wp-json\/wp\/v2\/media?parent=8980"}],"wp:term":[{"taxonomy":"category","embeddable":true,"href":"https:\/\/juvigo.pt\/revista\/wp-json\/wp\/v2\/categories?post=8980"},{"taxonomy":"post_tag","embeddable":true,"href":"https:\/\/juvigo.pt\/revista\/wp-json\/wp\/v2\/tags?post=8980"},{"taxonomy":"table_tags","embeddable":true,"href":"https:\/\/juvigo.pt\/revista\/wp-json\/wp\/v2\/table_tags?post=8980"}],"curies":[{"name":"wp","href":"https:\/\/api.w.org\/{rel}","templated":true}]}}