{"id":8740,"date":"2023-04-24T10:48:00","date_gmt":"2023-04-24T09:48:00","guid":{"rendered":"https:\/\/juvigo.pt\/revista\/?p=8740"},"modified":"2025-02-06T08:41:51","modified_gmt":"2025-02-06T08:41:51","slug":"entrevista-com-ricardo-carvalho-do-gota-dagua","status":"publish","type":"post","link":"https:\/\/juvigo.pt\/revista\/entrevistas\/entrevista-com-ricardo-carvalho-do-gota-dagua\/","title":{"rendered":"Entrevista com Ricardo Carvalho do Gota Dagua"},"content":{"rendered":"\n<h2 class=\"wp-block-heading\">Entrevista com Ricardo Carvalho<\/h2>\n\n\n\n<p>Numa entrevista muito interessante com Ricardo Carvalho, um dos Co-Fundadores do <a href=\"https:\/\/juvigo.pt\/parceiro\/gota-dagua-surf-school-surf-camp\">Gota Dagua<\/a>, vamos ficar a saber tudo sobre os campos de surf que ele, juntamente com os s\u00f3cios Pedro, Gon\u00e7alo e Miguel criaram. Vamos ficar a saber como transformaram a sua paix\u00e3o pelo surf numa experi\u00eancia incr\u00edvel para crian\u00e7as e jovens, onde apanhar umas ondas se combina com outras atividades e crescimento pessoal numa das praias mais espetacular de Portugal.<\/p>\n\n\n\n<h2 class=\"wp-block-heading has-trawell-acc-color has-text-color\" style=\"font-size:20px\"><strong>Pode apresentar-se a si e \u00e0 sua empresa?<\/strong><\/h2>\n\n\n\n<p>O meu nome \u00e9 Ricardo Carvalho e sou um dos Co-Fundadores dos campos de f\u00e9rias Gota Dagua. Em 2012, juntamente com tr\u00eas amigos, abrimos uma escola de surf. A marca formou-se mais tarde em 2015 quando abrimos o primeiro surfcamp. Os outros meus s\u00f3cios s\u00e3o o Pedro Paiva, o Gon\u00e7alo Pereira e o Miguel Pereira. Eles trabalhavam comigo na escola de surf como freelancers e passado um tempo comecei a sentir vontade de mudar a minha posi\u00e7\u00e3o na escola. Foi ent\u00e3o que lhes propus juntarem-se a mim e juntos fazermos da marca uma empresa. Eles estudaram Design e Turismo, e acabou por fazer todo o sentido. E foi assim que n\u00f3s fund\u00e1mos uma empresa, a Water Movements, Lda., e a marca Gota Dagua em que somos todos s\u00f3cios.<\/p>\n\n\n<div class=\"wp-block-image\">\n<figure class=\"aligncenter size-full is-resized\"><img decoding=\"async\" width=\"855\" height=\"1280\" data-src=\"https:\/\/juvigo.pt\/revista\/wp-content\/uploads\/2023\/04\/ricardo-carvalho-\u2013-2023.jpeg\" alt=\"\" class=\"wp-image-8782 lazyload\" style=\"--smush-placeholder-width: 855px; --smush-placeholder-aspect-ratio: 855\/1280;width:376px;height:563px\" src=\"data:image\/gif;base64,R0lGODlhAQABAAAAACH5BAEKAAEALAAAAAABAAEAAAICTAEAOw==\" \/><\/figure><\/div>\n\n\n<h2 class=\"wp-block-heading has-trawell-meta-color has-text-color\" style=\"font-size:20px\"><strong>Como surgiu a ideia do campo de f\u00e9rias?<\/strong><\/h2>\n\n\n\n<p>A ideia surgiu de observa\u00e7\u00f5es que fizemos a outras empresas do Norte da Europa. Quando veio o Covid, n\u00f3s decidimos que era a altura perfeita para avan\u00e7ar, t\u00ednhamos que inventar alguma coisa para ultrapassar a crise. N\u00f3s, eu, o Gon\u00e7alo, o Pedro e o Miguel, t\u00ednhamos uma casa vazia, perfeita, e decidimos ent\u00e3o avan\u00e7ar com este projeto. Na altura nem sab\u00edamos muito bem o que ia acontecer e correu logo muito bem. No primeiro ano tivemos logo 80% da ocupa\u00e7\u00e3o do campo. Foi uma ideia que surgiu naturalmente, a nossa ideia para o Gota Dagua \u00e9 que seja dividido entre juniores, adultos e fam\u00edlias. Isto \u00e9 um conceito amplo, para os juniores s\u00e3o os junior camps, os surfcamps s\u00e3o para os adultos dos 18 aos 35 anos e depois campos de fam\u00edlia que ainda n\u00e3o temos para as pessoas com mais idade.<\/p>\n\n\n<div class=\"wp-block-image\">\n<figure class=\"aligncenter size-full is-resized\"><img decoding=\"async\" width=\"1080\" height=\"720\" data-src=\"https:\/\/juvigo.pt\/revista\/wp-content\/uploads\/2023\/04\/69434753_1368058233318584_2378874684654485504_n.jpg\" alt=\"\" class=\"wp-image-8764 lazyload\" style=\"--smush-placeholder-width: 1080px; --smush-placeholder-aspect-ratio: 1080\/720;width:540px;height:360px\" src=\"data:image\/gif;base64,R0lGODlhAQABAAAAACH5BAEKAAEALAAAAAABAAEAAAICTAEAOw==\" \/><\/figure><\/div>\n\n\n<h2 class=\"wp-block-heading has-trawell-acc-color has-text-color\" style=\"font-size:20px\"><strong>Qual era a sua miss\u00e3o e vis\u00e3o no in\u00edcio do campo de f\u00e9rias?<\/strong><\/h2>\n\n\n\n<p>N\u00f3s quer\u00edamos um campo de f\u00e9rias inclusivo onde pud\u00e9ssemos oferecer a experi\u00eancia do surf. Ou seja, o surf \u00e9 como se fosse a cereja no topo do bolo. Para al\u00e9m disso, n\u00f3s quer\u00edamos oferecer um programa inclusivo onde pud\u00e9ssemos agregar outras atividades. Come\u00e7\u00e1mos a pesquisar e percebemos que a maior parte dos campos de <em>teenagers <\/em>o que oferecem \u00e9 a aula de surf de manh\u00e3, almo\u00e7o, aula de surf \u00e0 tarde, depois t\u00eam atividades no campo \u00e0 noite mas n\u00e3o t\u00eam mais nada. No nosso caso, como temos acesso ao parque do arborismo, ao parque do paintball, da escalada ou ao parque dos trampolins, pens\u00e1mos que era \u00f3timo porque \u00e0 nossa volta t\u00ednhamos uma s\u00e9rie de val\u00eancias que pod\u00edamos juntar e n\u00e3o estarmos a oferecer s\u00f3 surf. Quando come\u00e7\u00e1mos o campo eram s\u00f3 5 aulas de surf e depois todas as tardes era uma atividade diferente.<\/p>\n\n\n\n<p>Este \u00e9 o primeiro ano que vamos ter 10 aulas de surf. Fomos sempre adaptando o campo tendo em conta o feedback dos participantes. Ach\u00e1vamos \u201c10 aulas de surf \u00e9 muito, os participantes n\u00e3o v\u00e3o gostar!\u201d mas a verdade \u00e9 que cada ano que ia passando mais crian\u00e7as e jovens diziam que eles queriam ter mais aulas de surf. Tamb\u00e9m nos diziam que queriam fazer outras atividades, mas isto sendo um surfcamp para adolescentes tivemos de adaptar. <\/p>\n\n\n<div class=\"wp-block-image\">\n<figure class=\"aligncenter size-full is-resized\"><img decoding=\"async\" width=\"1280\" height=\"853\" data-src=\"https:\/\/juvigo.pt\/revista\/wp-content\/uploads\/2023\/04\/participantes-gota-dagua-2022.jpeg\" alt=\"\" class=\"wp-image-8770 lazyload\" style=\"--smush-placeholder-width: 1280px; --smush-placeholder-aspect-ratio: 1280\/853;width:570px;height:380px\" src=\"data:image\/gif;base64,R0lGODlhAQABAAAAACH5BAEKAAEALAAAAAABAAEAAAICTAEAOw==\" \/><\/figure><\/div>\n\n\n<p>Este ano vamos ent\u00e3o fazer 10 aulas de surf. Continua na mesma a ser muito mais din\u00e2mico, porque 10 aulas de surf s\u00e3o 5 dias de surf de manh\u00e3 e de tarde. Como eles est\u00e3o 7 dias vamos espalhar as aulas pelos 7 dias e depois continuamos a ter uma s\u00e9rie de atividades como ca\u00e7a ao tesouro, talent-show, o trampolim, a piscina, a escalada, o paintball, o arborismo. No nosso ponto de vista, um campo de f\u00e9rias \u00e9 uma oportunidade para os mais novos n\u00e3o estarem no telem\u00f3vel. Cri\u00e1mos as regras como se fosse um campo tradicional de f\u00e9rias.<\/p>\n\n\n\n<h2 class=\"wp-block-heading has-trawell-meta-color has-text-color\" style=\"font-size:20px\"><strong>O que torna o Gota Dagua \u00fanico e o distingue de outros campos de f\u00e9rias?<\/strong><\/h2>\n\n\n\n<p>N\u00e3o sabemos se \u00e9 \u00fanico, mas em rela\u00e7\u00e3o a concorrentes, daquilo que pesquisamos, achamos que a maneira como n\u00f3s estamos a fazer acaba por ser \u00fanica. N\u00e3o \u00e9 \u00fanica, mas como \u00e9 um surfcamp para adolescentes com uma postura de um campo de f\u00e9rias tradicional, a nosso ver acaba por ser um campo de surf \u00fanico. Com o conceito de um campo de f\u00e9rias tradicional em que temos o surf mas tamb\u00e9m temos uma s\u00e9rie de atividades. Portanto ach\u00e1mos que isso, comparativamente com alguns surfcamps que n\u00f3s pesquisamos, \u00e9 muito mais um campo de f\u00e9rias. Tendo em conta as nossas pesquisas essa \u00e9 a nossa opini\u00e3o, mas acreditamos que h\u00e1 coisas muito bem feitas.<\/p>\n\n\n\n<h2 class=\"wp-block-heading has-trawell-acc-color has-text-color\" style=\"font-size:20px\"><strong>Que tipo de atividades se pode fazer no campo de f\u00e9rias?<\/strong><\/h2>\n\n\n\n<p>Aulas de surf, aulas de bodyboard, os mi\u00fados \u00e9 que escolhem. N\u00f3s tentamos que experimentem tudo, mas se eles quiserem bodyboard ir\u00e3o fazer bodyboard. Tamb\u00e9m temos jogos de praia, voleibol, paintball, arborismo, este ano tir\u00e1mos a escalada e vamos p\u00f4r o parque de trampolins indoor. Depois fazemos atividades na piscina, atividades noturnas, karaoke por exemplo e no \u00faltimo dia uma festa com Dj. Fazemos a ca\u00e7a ao tesouro, jogos de \u00e1gua, uma s\u00e9rie de atividades.<\/p>\n\n\n\n<p>Este ano o dia a dia dos participantes ser\u00e1 algo deste g\u00e9nero: eles acordam \u00e0s 8h30, tomam o pequeno-almo\u00e7o, \u00e0s 9 da manh\u00e3 est\u00e3o prontos para sair, \u00e0s 9h30 j\u00e1 est\u00e3o todos na \u00e1gua, que \u00e9 para n\u00f3s conseguirmos meter as tais 10 aulas de surf no programa mas n\u00e3o deixar de fazer o arborismo, o paintball e as outras atividades. A ideia \u00e9 fazer os participantes aproveitarem ao m\u00e1ximo!<\/p>\n\n\n\n<h2 class=\"wp-block-heading has-trawell-meta-color has-text-color\" style=\"font-size:20px\"><strong>Todos os monitores do campo de f\u00e9rias t\u00eam forma\u00e7\u00e3o?<\/strong><\/h2>\n\n\n\n<p>Todos os monitores do campo de f\u00e9rias t\u00eam forma\u00e7\u00e3o para estar com crian\u00e7as e jovens. Depois os treinadores de surf t\u00eam a certifica\u00e7\u00e3o da Federa\u00e7\u00e3o Portuguesa de Surf. E todas as atividades que n\u00f3s fazemos para al\u00e9m do campo, como o arborismo e as outras atividades, s\u00e3o as pr\u00f3prias equipas do local.<\/p>\n\n\n\n<div class=\"wp-block-group is-nowrap is-layout-flex wp-container-core-group-is-layout-1 wp-block-group-is-layout-flex\">\n<figure class=\"wp-block-image size-full is-resized\"><img decoding=\"async\" width=\"600\" height=\"444\" data-src=\"https:\/\/juvigo.pt\/revista\/wp-content\/uploads\/2023\/04\/campo-ferias-surf-instrutor.jpeg\" alt=\"\" class=\"wp-image-8755 lazyload\" style=\"--smush-placeholder-width: 600px; --smush-placeholder-aspect-ratio: 600\/444;width:450px;height:333px\" src=\"data:image\/gif;base64,R0lGODlhAQABAAAAACH5BAEKAAEALAAAAAABAAEAAAICTAEAOw==\" \/><\/figure>\n\n\n\n<figure class=\"wp-block-image size-full is-resized\"><img decoding=\"async\" width=\"600\" height=\"444\" data-src=\"https:\/\/juvigo.pt\/revista\/wp-content\/uploads\/2023\/04\/campo-ferias-surf-crianca-instrutor.jpeg\" alt=\"\" class=\"wp-image-8754 lazyload\" style=\"--smush-placeholder-width: 600px; --smush-placeholder-aspect-ratio: 600\/444;width:450px;height:333px\" src=\"data:image\/gif;base64,R0lGODlhAQABAAAAACH5BAEKAAEALAAAAAABAAEAAAICTAEAOw==\" \/><\/figure>\n<\/div>\n\n\n\n<h2 class=\"wp-block-heading has-trawell-acc-color has-text-color\" style=\"font-size:20px\"><strong>Como \u00e9 um dia t\u00edpico de trabalho para si no campo de f\u00e9rias?<\/strong><\/h2>\n\n\n\n<p>O meu subdivide-se entre 4 campos ao mesmo tempo. Por isso vou explicar o do coordenador do campo de f\u00e9rias. O coordenador tem de ir ao campo de manh\u00e3 e confirmar que o pequeno-almo\u00e7o est\u00e1 feito, que os participantes comeram e que os monitores est\u00e3o preparados para a praia. Depois vai at\u00e9 \u00e0 praia ver se as aulas de surf est\u00e3o a correr bem. Volta para as instala\u00e7\u00f5es do campo e v\u00ea se o almo\u00e7o est\u00e1 a ser preparado e j\u00e1 come\u00e7a a planificar as atividades da tarde. Este ano \u00e9 a primeira vez que vamos ter uma equipa de monitores e uma equipa de professores de surf, ou seja, duas equipas separadas.<\/p>\n\n\n\n<h2 class=\"wp-block-heading has-trawell-meta-color has-text-color\" style=\"font-size:20px\"><strong>Como descreveria o sucesso do campo de f\u00e9rias at\u00e9 agora?<\/strong><\/h2>\n\n\n\n<p>N\u00f3s achamos que contra uma data de ideias que n\u00f3s t\u00ednhamos, foi uma das melhores coisas que n\u00f3s decidimos fazer. Foi um bocado fora daquilo que j\u00e1 se faz em Portugal, n\u00e3o h\u00e1 muita concorr\u00eancia. Deu-nos, por isso, a oportunidade de crescer depressa e no fundo nos esfor\u00e7armos para fazer alguma coisa fora da caixa, uma coisa bem feita. Achamos que n\u00e3o podemos reclamar, ao fim de alguns anos estamos a receber no campo 50 participantes por semana. Aument\u00e1mos para 10 semanas, vamos come\u00e7ar a 24 de Junho e acabamos a 2 de Setembro. Na nossa cabe\u00e7a j\u00e1 come\u00e7amos a pensar que tem de haver um campo destes noutra localiza\u00e7\u00e3o porque um participante que vai para a Caparica 1 ano, 2, 3 h\u00e1 de chegar um dia em que vai querer ir para outro s\u00edtio.<\/p>\n\n\n\n<h2 class=\"wp-block-heading has-trawell-acc-color has-text-color\" style=\"font-size:20px\"><strong>O que difere a parceria com a Juvigo das demais?<\/strong><\/h2>\n\n\n\n<p>\u00c9 as rela\u00e7\u00f5es humanas. Eu, o Gon\u00e7alo, o Pedro e o Miguel temos um apre\u00e7o muito especial e um grande carinho pela Juvigo porque foi uma grande ajuda a impulsionar os n\u00fameros de reservas dos campos de f\u00e9rias. O Miguel sempre nos ajudou e n\u00f3s estamos mesmo muito gratos! Houve sempre uma certa simplicidade no trato e isso vale muito para n\u00f3s. Qualquer coisa que voc\u00eas na Juvigo precisam ligam para n\u00f3s e n\u00f3s resolvemos logo, qualquer coisa que n\u00f3s tenhamos d\u00favidas ligamos para voc\u00eas e somos logo ajudados. \u00c9 sucesso m\u00fatuo e garantido!<\/p>\n\n\n<div class=\"wp-block-image\">\n<figure class=\"aligncenter size-full is-resized\"><img decoding=\"async\" width=\"1072\" height=\"1280\" data-src=\"https:\/\/juvigo.pt\/revista\/wp-content\/uploads\/2023\/08\/ricardo-carvalho-juvigo_2023.jpeg\" alt=\"\" class=\"wp-image-8748 lazyload\" style=\"--smush-placeholder-width: 1072px; --smush-placeholder-aspect-ratio: 1072\/1280;width:372px;height:444px\" src=\"data:image\/gif;base64,R0lGODlhAQABAAAAACH5BAEKAAEALAAAAAABAAEAAAICTAEAOw==\" \/><\/figure><\/div>\n\n\n<h2 class=\"wp-block-heading has-trawell-meta-color has-text-color\" style=\"font-size:20px\"><strong>Tem algumas palavras finais para os nossos leitores?<\/strong><\/h2>\n\n\n\n<p>INSCREVAM-SE! \ud83d\ude01\ud83d\ude02 N\u00f3s estamos focados nos mi\u00fados! Quem investe s\u00e3o os pais, quem s\u00e3o os nossos clientes s\u00e3o os mi\u00fados portanto n\u00f3s queremos mesmo providenciar algo que seja bom. N\u00f3s a quem ouvimos sempre \u00e9 aos mi\u00fados e ano ap\u00f3s ano tentamos alterar o programa dentro das nossas condi\u00e7\u00f5es e dentro do que podemos fazer para que seja uma experi\u00eancia de excel\u00eancia. Porque isso depois vai-se refletir no decorrer dos campos anuais.<\/p>\n\n\n\n<p><\/p>\n\n\n\n<p>Est\u00e1s interessado em aprender mais sobre estes fant\u00e1sticos campos? Consulta o nosso <a href=\"https:\/\/juvigo.pt\/parceiro\/gota-dagua-surf-school-surf-camp\" target=\"_blank\" rel=\"noreferrer noopener\">website!<\/a><\/p>\n","protected":false},"excerpt":{"rendered":"<p>Entrevista com Ricardo Carvalho Numa entrevista muito interessante com Ricardo Carvalho, um dos Co-Fundadores do Gota Dagua, vamos ficar a saber tudo sobre os campos de surf que ele, juntamente com os s\u00f3cios Pedro, Gon\u00e7alo e Miguel criaram. Vamos ficar a saber como transformaram a sua paix\u00e3o pelo surf numa experi\u00eancia incr\u00edvel para crian\u00e7as e [&hellip;]<\/p>\n","protected":false},"author":18,"featured_media":8780,"comment_status":"open","ping_status":"closed","sticky":false,"template":"","format":"standard","meta":{"advgb_blocks_editor_width":"","advgb_blocks_columns_visual_guide":"","footnotes":"","_links_to":"","_links_to_target":""},"categories":[4,38],"tags":[],"table_tags":[],"class_list":["post-8740","post","type-post","status-publish","format-standard","has-post-thumbnail","hentry","category-entrevistas","category-os-nossos-organizadores"],"yoast_head":"<!-- This site is optimized with the Yoast SEO plugin v24.8.1 - https:\/\/yoast.com\/wordpress\/plugins\/seo\/ -->\n<title>Entrevista com Ricardo Carvalho do Gota Dagua - Juvigo Revista<\/title>\n<meta name=\"description\" content=\"Entrevista com Ricardo Carvalho, um dos fundadores do Gota Dagua, apresenta a empresa e fala-nos tudo sobre os campos de surf na Caparica.\" \/>\n<meta name=\"robots\" content=\"index, follow, max-snippet:-1, max-image-preview:large, max-video-preview:-1\" \/>\n<link rel=\"canonical\" href=\"https:\/\/juvigo.pt\/revista\/entrevistas\/entrevista-com-ricardo-carvalho-do-gota-dagua\/\" \/>\n<meta property=\"og:locale\" content=\"pt_PT\" \/>\n<meta property=\"og:type\" content=\"article\" \/>\n<meta property=\"og:title\" content=\"Entrevista com Ricardo Carvalho do Gota Dagua - Juvigo Revista\" \/>\n<meta property=\"og:description\" content=\"Entrevista com Ricardo Carvalho, um dos fundadores do Gota Dagua, apresenta a empresa e fala-nos tudo sobre os campos de surf na Caparica.\" \/>\n<meta property=\"og:url\" content=\"https:\/\/juvigo.pt\/revista\/entrevistas\/entrevista-com-ricardo-carvalho-do-gota-dagua\/\" \/>\n<meta property=\"og:site_name\" content=\"Juvigo Revista\" \/>\n<meta property=\"article:publisher\" content=\"https:\/\/de-de.facebook.com\/meinjuvigo\" \/>\n<meta property=\"article:published_time\" content=\"2023-04-24T09:48:00+00:00\" \/>\n<meta property=\"article:modified_time\" content=\"2025-02-06T08:41:51+00:00\" \/>\n<meta property=\"og:image\" content=\"https:\/\/juvigo.pt\/revista\/wp-content\/uploads\/2023\/04\/ricardo-carvalho-entrevista.jpg\" \/>\n\t<meta property=\"og:image:width\" content=\"640\" \/>\n\t<meta property=\"og:image:height\" content=\"427\" \/>\n\t<meta property=\"og:image:type\" content=\"image\/jpeg\" \/>\n<meta name=\"author\" content=\"Miguel Matos\" \/>\n<meta name=\"twitter:card\" content=\"summary_large_image\" \/>\n<meta name=\"twitter:creator\" content=\"@meinjuvigo\" \/>\n<meta name=\"twitter:site\" content=\"@meinjuvigo\" \/>\n<meta name=\"twitter:label1\" content=\"Escrito por\" \/>\n\t<meta name=\"twitter:data1\" content=\"Miguel Matos\" \/>\n\t<meta name=\"twitter:label2\" content=\"Tempo estimado de leitura\" \/>\n\t<meta name=\"twitter:data2\" content=\"10 minutos\" \/>\n<script type=\"application\/ld+json\" class=\"yoast-schema-graph\">{\"@context\":\"https:\/\/schema.org\",\"@graph\":[{\"@type\":\"Article\",\"@id\":\"https:\/\/juvigo.pt\/revista\/entrevistas\/entrevista-com-ricardo-carvalho-do-gota-dagua\/#article\",\"isPartOf\":{\"@id\":\"https:\/\/juvigo.pt\/revista\/entrevistas\/entrevista-com-ricardo-carvalho-do-gota-dagua\/\"},\"author\":{\"name\":\"Miguel Matos\",\"@id\":\"https:\/\/juvigo.pt\/revista\/#\/schema\/person\/7b3105d9a47f6dba55895f6533de0416\"},\"headline\":\"Entrevista com Ricardo Carvalho do Gota Dagua\",\"datePublished\":\"2023-04-24T09:48:00+00:00\",\"dateModified\":\"2025-02-06T08:41:51+00:00\",\"mainEntityOfPage\":{\"@id\":\"https:\/\/juvigo.pt\/revista\/entrevistas\/entrevista-com-ricardo-carvalho-do-gota-dagua\/\"},\"wordCount\":1636,\"commentCount\":0,\"publisher\":{\"@id\":\"https:\/\/juvigo.pt\/revista\/#organization\"},\"image\":{\"@id\":\"https:\/\/juvigo.pt\/revista\/entrevistas\/entrevista-com-ricardo-carvalho-do-gota-dagua\/#primaryimage\"},\"thumbnailUrl\":\"https:\/\/juvigo.pt\/revista\/wp-content\/uploads\/2023\/04\/ricardo-carvalho-entrevista.jpg\",\"articleSection\":[\"Entrevistas\",\"Os nossos organizadores\"],\"inLanguage\":\"pt\",\"potentialAction\":[{\"@type\":\"CommentAction\",\"name\":\"Comment\",\"target\":[\"https:\/\/juvigo.pt\/revista\/entrevistas\/entrevista-com-ricardo-carvalho-do-gota-dagua\/#respond\"]}]},{\"@type\":\"WebPage\",\"@id\":\"https:\/\/juvigo.pt\/revista\/entrevistas\/entrevista-com-ricardo-carvalho-do-gota-dagua\/\",\"url\":\"https:\/\/juvigo.pt\/revista\/entrevistas\/entrevista-com-ricardo-carvalho-do-gota-dagua\/\",\"name\":\"Entrevista com Ricardo Carvalho do Gota Dagua - Juvigo Revista\",\"isPartOf\":{\"@id\":\"https:\/\/juvigo.pt\/revista\/#website\"},\"primaryImageOfPage\":{\"@id\":\"https:\/\/juvigo.pt\/revista\/entrevistas\/entrevista-com-ricardo-carvalho-do-gota-dagua\/#primaryimage\"},\"image\":{\"@id\":\"https:\/\/juvigo.pt\/revista\/entrevistas\/entrevista-com-ricardo-carvalho-do-gota-dagua\/#primaryimage\"},\"thumbnailUrl\":\"https:\/\/juvigo.pt\/revista\/wp-content\/uploads\/2023\/04\/ricardo-carvalho-entrevista.jpg\",\"datePublished\":\"2023-04-24T09:48:00+00:00\",\"dateModified\":\"2025-02-06T08:41:51+00:00\",\"description\":\"Entrevista com Ricardo Carvalho, um dos fundadores do Gota Dagua, apresenta a empresa e fala-nos tudo sobre os campos de surf na Caparica.\",\"breadcrumb\":{\"@id\":\"https:\/\/juvigo.pt\/revista\/entrevistas\/entrevista-com-ricardo-carvalho-do-gota-dagua\/#breadcrumb\"},\"inLanguage\":\"pt\",\"potentialAction\":[{\"@type\":\"ReadAction\",\"target\":[\"https:\/\/juvigo.pt\/revista\/entrevistas\/entrevista-com-ricardo-carvalho-do-gota-dagua\/\"]}]},{\"@type\":\"ImageObject\",\"inLanguage\":\"pt\",\"@id\":\"https:\/\/juvigo.pt\/revista\/entrevistas\/entrevista-com-ricardo-carvalho-do-gota-dagua\/#primaryimage\",\"url\":\"https:\/\/juvigo.pt\/revista\/wp-content\/uploads\/2023\/04\/ricardo-carvalho-entrevista.jpg\",\"contentUrl\":\"https:\/\/juvigo.pt\/revista\/wp-content\/uploads\/2023\/04\/ricardo-carvalho-entrevista.jpg\",\"width\":640,\"height\":427},{\"@type\":\"BreadcrumbList\",\"@id\":\"https:\/\/juvigo.pt\/revista\/entrevistas\/entrevista-com-ricardo-carvalho-do-gota-dagua\/#breadcrumb\",\"itemListElement\":[{\"@type\":\"ListItem\",\"position\":1,\"name\":\"Juvigo Revista\",\"item\":\"https:\/\/juvigo.pt\/revista\/\"},{\"@type\":\"ListItem\",\"position\":2,\"name\":\"Entrevistas\",\"item\":\"https:\/\/juvigo.pt\/revista\/entrevistas\/\"},{\"@type\":\"ListItem\",\"position\":3,\"name\":\"Entrevista com Ricardo Carvalho do Gota Dagua\"}]},{\"@type\":\"WebSite\",\"@id\":\"https:\/\/juvigo.pt\/revista\/#website\",\"url\":\"https:\/\/juvigo.pt\/revista\/\",\"name\":\"Juvigo Revista\",\"description\":\"A revista Juvigo de Campos de f\u00e9rias, Col\u00f3nias de f\u00e9rias e Cursos de L\u00ednguas\",\"publisher\":{\"@id\":\"https:\/\/juvigo.pt\/revista\/#organization\"},\"potentialAction\":[{\"@type\":\"SearchAction\",\"target\":{\"@type\":\"EntryPoint\",\"urlTemplate\":\"https:\/\/juvigo.pt\/revista\/?s={search_term_string}\"},\"query-input\":{\"@type\":\"PropertyValueSpecification\",\"valueRequired\":true,\"valueName\":\"search_term_string\"}}],\"inLanguage\":\"pt\"},{\"@type\":\"Organization\",\"@id\":\"https:\/\/juvigo.pt\/revista\/#organization\",\"name\":\"Juvigo GmbH\",\"url\":\"https:\/\/juvigo.pt\/revista\/\",\"logo\":{\"@type\":\"ImageObject\",\"inLanguage\":\"pt\",\"@id\":\"https:\/\/juvigo.pt\/revista\/#\/schema\/logo\/image\/\",\"url\":\"https:\/\/juvigo.es\/revista\/wp-content\/uploads\/2022\/02\/magazine_logo_scaled.png\",\"contentUrl\":\"https:\/\/juvigo.es\/revista\/wp-content\/uploads\/2022\/02\/magazine_logo_scaled.png\",\"width\":240,\"height\":100,\"caption\":\"Juvigo GmbH\"},\"image\":{\"@id\":\"https:\/\/juvigo.pt\/revista\/#\/schema\/logo\/image\/\"},\"sameAs\":[\"https:\/\/de-de.facebook.com\/meinjuvigo\",\"https:\/\/x.com\/meinjuvigo\",\"http:\/\/instagram.com\/juvigo_de\/\"]},{\"@type\":\"Person\",\"@id\":\"https:\/\/juvigo.pt\/revista\/#\/schema\/person\/7b3105d9a47f6dba55895f6533de0416\",\"name\":\"Miguel Matos\",\"image\":{\"@type\":\"ImageObject\",\"inLanguage\":\"pt\",\"@id\":\"https:\/\/juvigo.pt\/revista\/#\/schema\/person\/image\/\",\"url\":\"https:\/\/juvigo.pt\/revista\/wp-content\/uploads\/2023\/11\/logo_1000x1000-150x150.png\",\"contentUrl\":\"https:\/\/juvigo.pt\/revista\/wp-content\/uploads\/2023\/11\/logo_1000x1000-150x150.png\",\"caption\":\"Miguel Matos\"},\"url\":\"https:\/\/juvigo.pt\/revista\/author\/miguel-2\/\"}]}<\/script>\n<!-- \/ Yoast SEO plugin. -->","yoast_head_json":{"title":"Entrevista com Ricardo Carvalho do Gota Dagua - Juvigo Revista","description":"Entrevista com Ricardo Carvalho, um dos fundadores do Gota Dagua, apresenta a empresa e fala-nos tudo sobre os campos de surf na Caparica.","robots":{"index":"index","follow":"follow","max-snippet":"max-snippet:-1","max-image-preview":"max-image-preview:large","max-video-preview":"max-video-preview:-1"},"canonical":"https:\/\/juvigo.pt\/revista\/entrevistas\/entrevista-com-ricardo-carvalho-do-gota-dagua\/","og_locale":"pt_PT","og_type":"article","og_title":"Entrevista com Ricardo Carvalho do Gota Dagua - Juvigo Revista","og_description":"Entrevista com Ricardo Carvalho, um dos fundadores do Gota Dagua, apresenta a empresa e fala-nos tudo sobre os campos de surf na Caparica.","og_url":"https:\/\/juvigo.pt\/revista\/entrevistas\/entrevista-com-ricardo-carvalho-do-gota-dagua\/","og_site_name":"Juvigo Revista","article_publisher":"https:\/\/de-de.facebook.com\/meinjuvigo","article_published_time":"2023-04-24T09:48:00+00:00","article_modified_time":"2025-02-06T08:41:51+00:00","og_image":[{"width":640,"height":427,"url":"https:\/\/juvigo.pt\/revista\/wp-content\/uploads\/2023\/04\/ricardo-carvalho-entrevista.jpg","type":"image\/jpeg"}],"author":"Miguel Matos","twitter_card":"summary_large_image","twitter_creator":"@meinjuvigo","twitter_site":"@meinjuvigo","twitter_misc":{"Escrito por":"Miguel Matos","Tempo estimado de leitura":"10 minutos"},"schema":{"@context":"https:\/\/schema.org","@graph":[{"@type":"Article","@id":"https:\/\/juvigo.pt\/revista\/entrevistas\/entrevista-com-ricardo-carvalho-do-gota-dagua\/#article","isPartOf":{"@id":"https:\/\/juvigo.pt\/revista\/entrevistas\/entrevista-com-ricardo-carvalho-do-gota-dagua\/"},"author":{"name":"Miguel Matos","@id":"https:\/\/juvigo.pt\/revista\/#\/schema\/person\/7b3105d9a47f6dba55895f6533de0416"},"headline":"Entrevista com Ricardo Carvalho do Gota Dagua","datePublished":"2023-04-24T09:48:00+00:00","dateModified":"2025-02-06T08:41:51+00:00","mainEntityOfPage":{"@id":"https:\/\/juvigo.pt\/revista\/entrevistas\/entrevista-com-ricardo-carvalho-do-gota-dagua\/"},"wordCount":1636,"commentCount":0,"publisher":{"@id":"https:\/\/juvigo.pt\/revista\/#organization"},"image":{"@id":"https:\/\/juvigo.pt\/revista\/entrevistas\/entrevista-com-ricardo-carvalho-do-gota-dagua\/#primaryimage"},"thumbnailUrl":"https:\/\/juvigo.pt\/revista\/wp-content\/uploads\/2023\/04\/ricardo-carvalho-entrevista.jpg","articleSection":["Entrevistas","Os nossos organizadores"],"inLanguage":"pt","potentialAction":[{"@type":"CommentAction","name":"Comment","target":["https:\/\/juvigo.pt\/revista\/entrevistas\/entrevista-com-ricardo-carvalho-do-gota-dagua\/#respond"]}]},{"@type":"WebPage","@id":"https:\/\/juvigo.pt\/revista\/entrevistas\/entrevista-com-ricardo-carvalho-do-gota-dagua\/","url":"https:\/\/juvigo.pt\/revista\/entrevistas\/entrevista-com-ricardo-carvalho-do-gota-dagua\/","name":"Entrevista com Ricardo Carvalho do Gota Dagua - Juvigo Revista","isPartOf":{"@id":"https:\/\/juvigo.pt\/revista\/#website"},"primaryImageOfPage":{"@id":"https:\/\/juvigo.pt\/revista\/entrevistas\/entrevista-com-ricardo-carvalho-do-gota-dagua\/#primaryimage"},"image":{"@id":"https:\/\/juvigo.pt\/revista\/entrevistas\/entrevista-com-ricardo-carvalho-do-gota-dagua\/#primaryimage"},"thumbnailUrl":"https:\/\/juvigo.pt\/revista\/wp-content\/uploads\/2023\/04\/ricardo-carvalho-entrevista.jpg","datePublished":"2023-04-24T09:48:00+00:00","dateModified":"2025-02-06T08:41:51+00:00","description":"Entrevista com Ricardo Carvalho, um dos fundadores do Gota Dagua, apresenta a empresa e fala-nos tudo sobre os campos de surf na Caparica.","breadcrumb":{"@id":"https:\/\/juvigo.pt\/revista\/entrevistas\/entrevista-com-ricardo-carvalho-do-gota-dagua\/#breadcrumb"},"inLanguage":"pt","potentialAction":[{"@type":"ReadAction","target":["https:\/\/juvigo.pt\/revista\/entrevistas\/entrevista-com-ricardo-carvalho-do-gota-dagua\/"]}]},{"@type":"ImageObject","inLanguage":"pt","@id":"https:\/\/juvigo.pt\/revista\/entrevistas\/entrevista-com-ricardo-carvalho-do-gota-dagua\/#primaryimage","url":"https:\/\/juvigo.pt\/revista\/wp-content\/uploads\/2023\/04\/ricardo-carvalho-entrevista.jpg","contentUrl":"https:\/\/juvigo.pt\/revista\/wp-content\/uploads\/2023\/04\/ricardo-carvalho-entrevista.jpg","width":640,"height":427},{"@type":"BreadcrumbList","@id":"https:\/\/juvigo.pt\/revista\/entrevistas\/entrevista-com-ricardo-carvalho-do-gota-dagua\/#breadcrumb","itemListElement":[{"@type":"ListItem","position":1,"name":"Juvigo Revista","item":"https:\/\/juvigo.pt\/revista\/"},{"@type":"ListItem","position":2,"name":"Entrevistas","item":"https:\/\/juvigo.pt\/revista\/entrevistas\/"},{"@type":"ListItem","position":3,"name":"Entrevista com Ricardo Carvalho do Gota Dagua"}]},{"@type":"WebSite","@id":"https:\/\/juvigo.pt\/revista\/#website","url":"https:\/\/juvigo.pt\/revista\/","name":"Juvigo Revista","description":"A revista Juvigo de Campos de f\u00e9rias, Col\u00f3nias de f\u00e9rias e Cursos de L\u00ednguas","publisher":{"@id":"https:\/\/juvigo.pt\/revista\/#organization"},"potentialAction":[{"@type":"SearchAction","target":{"@type":"EntryPoint","urlTemplate":"https:\/\/juvigo.pt\/revista\/?s={search_term_string}"},"query-input":{"@type":"PropertyValueSpecification","valueRequired":true,"valueName":"search_term_string"}}],"inLanguage":"pt"},{"@type":"Organization","@id":"https:\/\/juvigo.pt\/revista\/#organization","name":"Juvigo GmbH","url":"https:\/\/juvigo.pt\/revista\/","logo":{"@type":"ImageObject","inLanguage":"pt","@id":"https:\/\/juvigo.pt\/revista\/#\/schema\/logo\/image\/","url":"https:\/\/juvigo.es\/revista\/wp-content\/uploads\/2022\/02\/magazine_logo_scaled.png","contentUrl":"https:\/\/juvigo.es\/revista\/wp-content\/uploads\/2022\/02\/magazine_logo_scaled.png","width":240,"height":100,"caption":"Juvigo GmbH"},"image":{"@id":"https:\/\/juvigo.pt\/revista\/#\/schema\/logo\/image\/"},"sameAs":["https:\/\/de-de.facebook.com\/meinjuvigo","https:\/\/x.com\/meinjuvigo","http:\/\/instagram.com\/juvigo_de\/"]},{"@type":"Person","@id":"https:\/\/juvigo.pt\/revista\/#\/schema\/person\/7b3105d9a47f6dba55895f6533de0416","name":"Miguel Matos","image":{"@type":"ImageObject","inLanguage":"pt","@id":"https:\/\/juvigo.pt\/revista\/#\/schema\/person\/image\/","url":"https:\/\/juvigo.pt\/revista\/wp-content\/uploads\/2023\/11\/logo_1000x1000-150x150.png","contentUrl":"https:\/\/juvigo.pt\/revista\/wp-content\/uploads\/2023\/11\/logo_1000x1000-150x150.png","caption":"Miguel Matos"},"url":"https:\/\/juvigo.pt\/revista\/author\/miguel-2\/"}]}},"author_meta":{"display_name":"Miguel Matos","author_link":"https:\/\/juvigo.pt\/revista\/author\/miguel-2\/"},"featured_img":"https:\/\/juvigo.pt\/revista\/wp-content\/uploads\/2023\/04\/ricardo-carvalho-entrevista.jpg","wps_subtitle":"","coauthors":[],"tax_additional":{"categories":{"linked":["<a href=\"https:\/\/juvigo.pt\/revista\/entrevistas\/\" class=\"advgb-post-tax-term\">Entrevistas<\/a>","<a href=\"https:\/\/juvigo.pt\/revista\/entrevistas\/os-nossos-organizadores\/\" class=\"advgb-post-tax-term\">Os nossos organizadores<\/a>"],"unlinked":["<span class=\"advgb-post-tax-term\">Entrevistas<\/span>","<span class=\"advgb-post-tax-term\">Os nossos organizadores<\/span>"]}},"comment_count":"0","relative_dates":{"created":"Posted 3 anos ago","modified":"Updated 1 ano ago"},"absolute_dates":{"created":"Posted on 24.04.2023","modified":"Updated on 06.02.2025"},"absolute_dates_time":{"created":"Posted on 24.04.2023 10:48","modified":"Updated on 06.02.2025 08:41"},"featured_img_caption":"","series_order":"","_links":{"self":[{"href":"https:\/\/juvigo.pt\/revista\/wp-json\/wp\/v2\/posts\/8740","targetHints":{"allow":["GET"]}}],"collection":[{"href":"https:\/\/juvigo.pt\/revista\/wp-json\/wp\/v2\/posts"}],"about":[{"href":"https:\/\/juvigo.pt\/revista\/wp-json\/wp\/v2\/types\/post"}],"author":[{"embeddable":true,"href":"https:\/\/juvigo.pt\/revista\/wp-json\/wp\/v2\/users\/18"}],"replies":[{"embeddable":true,"href":"https:\/\/juvigo.pt\/revista\/wp-json\/wp\/v2\/comments?post=8740"}],"version-history":[{"count":19,"href":"https:\/\/juvigo.pt\/revista\/wp-json\/wp\/v2\/posts\/8740\/revisions"}],"predecessor-version":[{"id":9293,"href":"https:\/\/juvigo.pt\/revista\/wp-json\/wp\/v2\/posts\/8740\/revisions\/9293"}],"wp:featuredmedia":[{"embeddable":true,"href":"https:\/\/juvigo.pt\/revista\/wp-json\/wp\/v2\/media\/8780"}],"wp:attachment":[{"href":"https:\/\/juvigo.pt\/revista\/wp-json\/wp\/v2\/media?parent=8740"}],"wp:term":[{"taxonomy":"category","embeddable":true,"href":"https:\/\/juvigo.pt\/revista\/wp-json\/wp\/v2\/categories?post=8740"},{"taxonomy":"post_tag","embeddable":true,"href":"https:\/\/juvigo.pt\/revista\/wp-json\/wp\/v2\/tags?post=8740"},{"taxonomy":"table_tags","embeddable":true,"href":"https:\/\/juvigo.pt\/revista\/wp-json\/wp\/v2\/table_tags?post=8740"}],"curies":[{"name":"wp","href":"https:\/\/api.w.org\/{rel}","templated":true}]}}