{"id":8173,"date":"2022-01-20T14:03:51","date_gmt":"2022-01-20T14:03:51","guid":{"rendered":"https:\/\/juvigo.pt\/revista\/?p=8173"},"modified":"2023-02-21T16:30:35","modified_gmt":"2023-02-21T16:30:35","slug":"forte-crescimento-da-juvigo","status":"publish","type":"post","link":"https:\/\/juvigo.pt\/revista\/imprensa\/forte-crescimento-da-juvigo\/","title":{"rendered":"Balan\u00e7o 2021"},"content":{"rendered":"\n<h2 class=\"has-trawell-meta-color has-text-color wp-block-heading\">Forte crescimento da Juvigo apesar das restri\u00e7\u00f5es do Coronav\u00edrus<\/h2>\n\n\n\n<p class=\"has-trawell-txt-color has-text-color\"><strong>Berlin, 20 Janeiro 2022:<\/strong> Juvigo, a plataforma de reservas para campos de f\u00e9rias, col\u00f3nias de f\u00e9rias e cursos de l\u00ednguas para crian\u00e7as e jovens faz o balan\u00e7o ap\u00f3s outro ano turbulento de Coronav\u00edrus. Em 2021, a Juvigo GmbH organizou 90.000 dormidas em todas as suas plataformas internacionais. No total, as viagens intermediadas tinham um valor de 6 milh\u00f5es de euros. Isto corresponde a um aumento de 115% em compara\u00e7\u00e3o com o ano anterior. O pre\u00e7o m\u00e9dio das viagens foi de 471 euros e aumentou 9% em compara\u00e7\u00e3o com o ano anterior. <\/p>\n\n\n\n<p class=\"has-trawell-txt-color has-text-color\">&#8220;Olhamos para 2021 com grande prazer e estamos satisfeitos por termos sido capazes de nos desenvolver positivamente apesar das situa\u00e7\u00f5es de pandemia em curso&#8221;, diz o fundador e diretor executivo Bj\u00f6rn Viergutz, ao fazer um resumo do ano passado.<\/p>\n\n\n\n<p>No que diz respeito ao mercado portugu\u00eas, o lan\u00e7amento da plataforma Juvigo em Portugal foi o mais bem sucedido da hist\u00f3ria da empresa. A estrat\u00e9gia de marketing digital aliada ao modelo de neg\u00f3cio, permitiu que a empresa alcan\u00e7asse uma excelente visibilidade no mercado portugu\u00eas. Especialmente, gra\u00e7as \u00e0 proximidade e \u00e0 colabora\u00e7\u00e3o com os parceiros locais em Portugal, a Juvigo em Portugal conseguiu gerar mais 48% de reservas comparativamente \u00e0 plataforma no seu primeiro ano na Alemanha.<\/p>\n\n\n\n<h3 class=\"has-trawell-meta-color has-text-color wp-block-heading\" style=\"font-size:20px\"><strong>As reservas antecipadas est\u00e3o de volta e asseguram uma perspetiva positiva<\/strong><\/h3>\n\n\n\n<p>As reservas antecipadas para 2022 tamb\u00e9m d\u00e3o motivos para otimismo: o n\u00famero de viagens j\u00e1 reservadas para o ano corrente \u00e9 mais de oito vezes maior do que em 2021 e, portanto, j\u00e1 bem acima do n\u00edvel pr\u00e9-crise. &#8220;Os meses de inverno e primavera do ano passado ainda estavam muito sob a impress\u00e3o do encerramento e de um n\u00edvel geralmente elevado de incerteza. Felizmente, este ano \u00e9 diferente. Os pais confiam nos conceitos de higiene comprovados dos dois \u00faltimos anos pand\u00e9micos. O facto de cada vez mais crian\u00e7as e adolescentes serem vacinados tamb\u00e9m desempenha um papel importante no planeamento de viagens viradas para o futuro&#8221;, Bj\u00f6rn Viergutz resume as condi\u00e7\u00f5es alteradas.<\/p>\n\n\n\n<p>Pais, crian\u00e7as e adolescentes classificaram as viagens com uma m\u00e9dia de 4,4 em 5 estrelas &#8211; o melhor valor alguma vez determinado pela empresa no seu inqu\u00e9rito anual aos clientes. &#8220;Aqui os meus agradecimentos pessoais v\u00e3o para os nossos parceiros operadores tur\u00edsticos em toda a Europa, que conseguiram manter a qualidade das excurs\u00f5es em oferta extremamente elevada em condi\u00e7\u00f5es dif\u00edceis&#8221;, continua Bj\u00f6rn Viergutz.<\/p>\n\n\n\n<h3 class=\"has-trawell-meta-color has-text-color wp-block-heading\" style=\"font-size:20px\"><strong>Viagens de f\u00e9rias com um perfil internacional cada vez mais popular<\/strong><\/h3>\n\n\n\n<p>Cada vez mais os parceiros est\u00e3o a aproveitar as oportunidades oferecidas pela presen\u00e7a internacional da Juvigo. Por exemplo, os campos de f\u00e9rias tradicionais em Portugal podem comercializar os seus campos de aventura e multi-atividades n\u00e3o s\u00f3 na plataforma portuguesa (juvigo.pt), mas tamb\u00e9m atrav\u00e9s da plataforma de reservas da Juvigo alem\u00e3, holandesa, francesa, espanhola e restantes. Desta forma, s\u00e3o criadas viagens de f\u00e9rias nas quais participam crian\u00e7as e jovens de toda a Europa. As reservas para tais ofertas triplicaram em rela\u00e7\u00e3o ao ano anterior e representam agora pouco mais de 5% de todas as reservas feitas atrav\u00e9s das v\u00e1rias plataformas da Juvigo. O fundador da empresa, Bj\u00f6rn Viergutz, tamb\u00e9m \u00e9 ambicioso a este respeito. &#8220;A nossa equipa de gest\u00e3o de produtos est\u00e1 a trabalhar arduamente para conceber ainda mais viagens de f\u00e9rias internacionais em conjunto com os nossos parceiros e operadores tur\u00edsticos. Queremos reunir crian\u00e7as e jovens de diferentes pa\u00edses para promover a compreens\u00e3o m\u00fatua e o interc\u00e2mbio intercultural&#8221;.<\/p>\n\n\n\n<h3 class=\"has-trawell-meta-color has-text-color wp-block-heading\" style=\"font-size:20px\"><strong>O \u00eaxito da internacionaliza\u00e7\u00e3o e da expans\u00e3o<\/strong><\/h3>\n\n\n\n<p>Com uma variedade de plataformas internacionais, a empresa sediada em Berlim tem sido capaz de se estabelecer cada vez melhor fora do seu mercado dom\u00e9stico alem\u00e3o nos \u00faltimos anos. Embora apenas 3% das reservas tenham sido feitas atrav\u00e9s de plataformas n\u00e3o alem\u00e3s em 2019. Este n\u00famero j\u00e1 tinha subido para 14% em 2020 e at\u00e9 26% em 2021. A Juvigo planeia lan\u00e7ar uma plataforma de reservas italiana na Primavera de 2022. As plataformas internacionais ser\u00e3o criadas centralmente a partir de Berlim. Nos escrit\u00f3rios da empresa, o ambiente est\u00e1 a tornar-se cada vez mais internacional, raz\u00e3o pela qual o fundador e CEO Bj\u00f6rn Viergutz prev\u00ea: &#8220;Este ano, pela primeira vez, a maioria da nossa equipa n\u00e3o ser\u00e1 da Alemanha&#8221;.<\/p>\n\n\n\n<h2 class=\"has-trawell-acc-color has-text-color wp-block-heading\"><strong>Acerca da<\/strong> <strong>Juvigo<\/strong><\/h2>\n\n\n\n<p>A Juvigo \u00e9 a plataforma especialista europeia em campos de f\u00e9rias, col\u00f3nias de f\u00e9rias e cursos de l\u00ednguas. Quer sejam campos de surf, campos de equita\u00e7\u00e3o ou campos para aprender Ingl\u00eas para crian\u00e7as e jovens entre os 6 e 18 anos. Entre os organizadores destes campos de f\u00e9rias encontram-se operadores tur\u00edsticos de renome, tais como Parque Aventura Diverlanhoso, Campo Jovem, My Camp, Campo Aventura e dezenas de organizadores locais. Como agente independente, a Juvigo ajuda os pais a planear a viagem perfeita para os seus filhos. Com aconselhamento gratuito por telefone, e-mail ou WhatsApp e a reservar diretamente online.<\/p>\n\n\n\n<p>A Juvigo iniciou o seu mercado em Portugal em janeiro de 2021. Na altura j\u00e1 existia o mercado alem\u00e3o que foi fundado em 2015 por Bj\u00f6rn Viergutz. Posteriormente, iniciaram os mercados nos seguintes pa\u00edses: Pa\u00edses Baixos, B\u00e9lgica, Fran\u00e7a, Espanha, \u00c1ustria, Su\u00ed\u00e7a e a rec\u00e9m-criada It\u00e1lia. A Juvigo emprega 35 pessoas, 1 delas um portugu\u00eas de 27 anos que fez um \u00f3timo trabalho no primeiro ano. Criou todo o mercado e geriu as reservas na plataforma portuguesa. Portugal encontra-se a fazer um \u00f3timo trabalho e esperamos que os pr\u00f3ximos anos continuem a trazer sucesso e renome para a empresa.<\/p>\n\n\n\n<h4 class=\"has-trawell-acc-color has-text-color has-normal-font-size wp-block-heading\"><a href=\"https:\/\/juvigo.pt\/revista\/wp-content\/uploads\/2022\/08\/Comunicado-de-Imprensa_2021_Juvigo.pdf\">Descarregar Comunicado de Imprensa<\/a><\/h4>\n","protected":false},"excerpt":{"rendered":"<p>\u2192 O volume de neg\u00f3cios do intermedi\u00e1rio sobe para 6 milh\u00f5es de euros<br \/>\n\u2192 Reservas antecipadas voltam a superar o n\u00famero antes da crise<br \/>\n\u2192 A orienta\u00e7\u00e3o internacional da empresa come\u00e7a a gerar frutos<\/p>\n","protected":false},"author":18,"featured_media":8583,"comment_status":"open","ping_status":"closed","sticky":false,"template":"","format":"standard","meta":{"advgb_blocks_editor_width":"","advgb_blocks_columns_visual_guide":"","footnotes":"","_links_to":"","_links_to_target":""},"categories":[482],"tags":[],"table_tags":[],"class_list":["post-8173","post","type-post","status-publish","format-standard","has-post-thumbnail","hentry","category-imprensa"],"yoast_head":"<!-- This site is optimized with the Yoast SEO plugin v24.8.1 - https:\/\/yoast.com\/wordpress\/plugins\/seo\/ -->\n<title>Balan\u00e7o 2021 - Juvigo Revista<\/title>\n<meta name=\"description\" content=\"Forte crescimento da Juvigo apesar das restri\u00e7\u00f5es do Coronav\u00edrus. Depois de um ano difi\u00edcil, a Juvigo faz um balan\u00e7o positivo.\" \/>\n<meta name=\"robots\" content=\"index, follow, max-snippet:-1, max-image-preview:large, max-video-preview:-1\" \/>\n<link rel=\"canonical\" href=\"https:\/\/juvigo.pt\/revista\/imprensa\/forte-crescimento-da-juvigo\/\" \/>\n<meta property=\"og:locale\" content=\"pt_PT\" \/>\n<meta property=\"og:type\" content=\"article\" \/>\n<meta property=\"og:title\" content=\"Balan\u00e7o 2021 - Juvigo Revista\" \/>\n<meta property=\"og:description\" content=\"Forte crescimento da Juvigo apesar das restri\u00e7\u00f5es do Coronav\u00edrus. Depois de um ano difi\u00edcil, a Juvigo faz um balan\u00e7o positivo.\" \/>\n<meta property=\"og:url\" content=\"https:\/\/juvigo.pt\/revista\/imprensa\/forte-crescimento-da-juvigo\/\" \/>\n<meta property=\"og:site_name\" content=\"Juvigo Revista\" \/>\n<meta property=\"article:publisher\" content=\"https:\/\/de-de.facebook.com\/meinjuvigo\" \/>\n<meta property=\"article:published_time\" content=\"2022-01-20T14:03:51+00:00\" \/>\n<meta property=\"article:modified_time\" content=\"2023-02-21T16:30:35+00:00\" \/>\n<meta property=\"og:image\" content=\"https:\/\/juvigo.pt\/revista\/wp-content\/uploads\/2022\/01\/Balanc\u0327o-2021.jpg\" \/>\n\t<meta property=\"og:image:width\" content=\"1920\" \/>\n\t<meta property=\"og:image:height\" content=\"787\" \/>\n\t<meta property=\"og:image:type\" content=\"image\/jpeg\" \/>\n<meta name=\"author\" content=\"Miguel Matos\" \/>\n<meta name=\"twitter:card\" content=\"summary_large_image\" \/>\n<meta name=\"twitter:creator\" content=\"@meinjuvigo\" \/>\n<meta name=\"twitter:site\" content=\"@meinjuvigo\" \/>\n<meta name=\"twitter:label1\" content=\"Escrito por\" \/>\n\t<meta name=\"twitter:data1\" content=\"Miguel Matos\" \/>\n\t<meta name=\"twitter:label2\" content=\"Tempo estimado de leitura\" \/>\n\t<meta name=\"twitter:data2\" content=\"5 minutos\" \/>\n<script type=\"application\/ld+json\" class=\"yoast-schema-graph\">{\"@context\":\"https:\/\/schema.org\",\"@graph\":[{\"@type\":\"Article\",\"@id\":\"https:\/\/juvigo.pt\/revista\/imprensa\/forte-crescimento-da-juvigo\/#article\",\"isPartOf\":{\"@id\":\"https:\/\/juvigo.pt\/revista\/imprensa\/forte-crescimento-da-juvigo\/\"},\"author\":{\"name\":\"Miguel Matos\",\"@id\":\"https:\/\/juvigo.pt\/revista\/#\/schema\/person\/7b3105d9a47f6dba55895f6533de0416\"},\"headline\":\"Balan\u00e7o 2021\",\"datePublished\":\"2022-01-20T14:03:51+00:00\",\"dateModified\":\"2023-02-21T16:30:35+00:00\",\"mainEntityOfPage\":{\"@id\":\"https:\/\/juvigo.pt\/revista\/imprensa\/forte-crescimento-da-juvigo\/\"},\"wordCount\":970,\"commentCount\":0,\"publisher\":{\"@id\":\"https:\/\/juvigo.pt\/revista\/#organization\"},\"image\":{\"@id\":\"https:\/\/juvigo.pt\/revista\/imprensa\/forte-crescimento-da-juvigo\/#primaryimage\"},\"thumbnailUrl\":\"https:\/\/juvigo.pt\/revista\/wp-content\/uploads\/2022\/01\/Balanc\u0327o-2021.jpg\",\"articleSection\":[\"Not\u00edcias e comunicados de Imprensa\"],\"inLanguage\":\"pt\",\"potentialAction\":[{\"@type\":\"CommentAction\",\"name\":\"Comment\",\"target\":[\"https:\/\/juvigo.pt\/revista\/imprensa\/forte-crescimento-da-juvigo\/#respond\"]}]},{\"@type\":\"WebPage\",\"@id\":\"https:\/\/juvigo.pt\/revista\/imprensa\/forte-crescimento-da-juvigo\/\",\"url\":\"https:\/\/juvigo.pt\/revista\/imprensa\/forte-crescimento-da-juvigo\/\",\"name\":\"Balan\u00e7o 2021 - Juvigo Revista\",\"isPartOf\":{\"@id\":\"https:\/\/juvigo.pt\/revista\/#website\"},\"primaryImageOfPage\":{\"@id\":\"https:\/\/juvigo.pt\/revista\/imprensa\/forte-crescimento-da-juvigo\/#primaryimage\"},\"image\":{\"@id\":\"https:\/\/juvigo.pt\/revista\/imprensa\/forte-crescimento-da-juvigo\/#primaryimage\"},\"thumbnailUrl\":\"https:\/\/juvigo.pt\/revista\/wp-content\/uploads\/2022\/01\/Balanc\u0327o-2021.jpg\",\"datePublished\":\"2022-01-20T14:03:51+00:00\",\"dateModified\":\"2023-02-21T16:30:35+00:00\",\"description\":\"Forte crescimento da Juvigo apesar das restri\u00e7\u00f5es do Coronav\u00edrus. Depois de um ano difi\u00edcil, a Juvigo faz um balan\u00e7o positivo.\",\"breadcrumb\":{\"@id\":\"https:\/\/juvigo.pt\/revista\/imprensa\/forte-crescimento-da-juvigo\/#breadcrumb\"},\"inLanguage\":\"pt\",\"potentialAction\":[{\"@type\":\"ReadAction\",\"target\":[\"https:\/\/juvigo.pt\/revista\/imprensa\/forte-crescimento-da-juvigo\/\"]}]},{\"@type\":\"ImageObject\",\"inLanguage\":\"pt\",\"@id\":\"https:\/\/juvigo.pt\/revista\/imprensa\/forte-crescimento-da-juvigo\/#primaryimage\",\"url\":\"https:\/\/juvigo.pt\/revista\/wp-content\/uploads\/2022\/01\/Balanc\u0327o-2021.jpg\",\"contentUrl\":\"https:\/\/juvigo.pt\/revista\/wp-content\/uploads\/2022\/01\/Balanc\u0327o-2021.jpg\",\"width\":1920,\"height\":787},{\"@type\":\"BreadcrumbList\",\"@id\":\"https:\/\/juvigo.pt\/revista\/imprensa\/forte-crescimento-da-juvigo\/#breadcrumb\",\"itemListElement\":[{\"@type\":\"ListItem\",\"position\":1,\"name\":\"Juvigo Revista\",\"item\":\"https:\/\/juvigo.pt\/revista\/\"},{\"@type\":\"ListItem\",\"position\":2,\"name\":\"Not\u00edcias e comunicados de Imprensa\",\"item\":\"https:\/\/juvigo.pt\/revista\/imprensa\/\"},{\"@type\":\"ListItem\",\"position\":3,\"name\":\"Balan\u00e7o 2021\"}]},{\"@type\":\"WebSite\",\"@id\":\"https:\/\/juvigo.pt\/revista\/#website\",\"url\":\"https:\/\/juvigo.pt\/revista\/\",\"name\":\"Juvigo Revista\",\"description\":\"A revista Juvigo de Campos de f\u00e9rias, Col\u00f3nias de f\u00e9rias e Cursos de L\u00ednguas\",\"publisher\":{\"@id\":\"https:\/\/juvigo.pt\/revista\/#organization\"},\"potentialAction\":[{\"@type\":\"SearchAction\",\"target\":{\"@type\":\"EntryPoint\",\"urlTemplate\":\"https:\/\/juvigo.pt\/revista\/?s={search_term_string}\"},\"query-input\":{\"@type\":\"PropertyValueSpecification\",\"valueRequired\":true,\"valueName\":\"search_term_string\"}}],\"inLanguage\":\"pt\"},{\"@type\":\"Organization\",\"@id\":\"https:\/\/juvigo.pt\/revista\/#organization\",\"name\":\"Juvigo GmbH\",\"url\":\"https:\/\/juvigo.pt\/revista\/\",\"logo\":{\"@type\":\"ImageObject\",\"inLanguage\":\"pt\",\"@id\":\"https:\/\/juvigo.pt\/revista\/#\/schema\/logo\/image\/\",\"url\":\"https:\/\/juvigo.es\/revista\/wp-content\/uploads\/2022\/02\/magazine_logo_scaled.png\",\"contentUrl\":\"https:\/\/juvigo.es\/revista\/wp-content\/uploads\/2022\/02\/magazine_logo_scaled.png\",\"width\":240,\"height\":100,\"caption\":\"Juvigo GmbH\"},\"image\":{\"@id\":\"https:\/\/juvigo.pt\/revista\/#\/schema\/logo\/image\/\"},\"sameAs\":[\"https:\/\/de-de.facebook.com\/meinjuvigo\",\"https:\/\/x.com\/meinjuvigo\",\"http:\/\/instagram.com\/juvigo_de\/\"]},{\"@type\":\"Person\",\"@id\":\"https:\/\/juvigo.pt\/revista\/#\/schema\/person\/7b3105d9a47f6dba55895f6533de0416\",\"name\":\"Miguel Matos\",\"image\":{\"@type\":\"ImageObject\",\"inLanguage\":\"pt\",\"@id\":\"https:\/\/juvigo.pt\/revista\/#\/schema\/person\/image\/\",\"url\":\"https:\/\/juvigo.pt\/revista\/wp-content\/uploads\/2023\/11\/logo_1000x1000-150x150.png\",\"contentUrl\":\"https:\/\/juvigo.pt\/revista\/wp-content\/uploads\/2023\/11\/logo_1000x1000-150x150.png\",\"caption\":\"Miguel Matos\"},\"url\":\"https:\/\/juvigo.pt\/revista\/author\/miguel-2\/\"}]}<\/script>\n<!-- \/ Yoast SEO plugin. -->","yoast_head_json":{"title":"Balan\u00e7o 2021 - Juvigo Revista","description":"Forte crescimento da Juvigo apesar das restri\u00e7\u00f5es do Coronav\u00edrus. Depois de um ano difi\u00edcil, a Juvigo faz um balan\u00e7o positivo.","robots":{"index":"index","follow":"follow","max-snippet":"max-snippet:-1","max-image-preview":"max-image-preview:large","max-video-preview":"max-video-preview:-1"},"canonical":"https:\/\/juvigo.pt\/revista\/imprensa\/forte-crescimento-da-juvigo\/","og_locale":"pt_PT","og_type":"article","og_title":"Balan\u00e7o 2021 - Juvigo Revista","og_description":"Forte crescimento da Juvigo apesar das restri\u00e7\u00f5es do Coronav\u00edrus. Depois de um ano difi\u00edcil, a Juvigo faz um balan\u00e7o positivo.","og_url":"https:\/\/juvigo.pt\/revista\/imprensa\/forte-crescimento-da-juvigo\/","og_site_name":"Juvigo Revista","article_publisher":"https:\/\/de-de.facebook.com\/meinjuvigo","article_published_time":"2022-01-20T14:03:51+00:00","article_modified_time":"2023-02-21T16:30:35+00:00","og_image":[{"width":1920,"height":787,"url":"https:\/\/juvigo.pt\/revista\/wp-content\/uploads\/2022\/01\/Balanc\u0327o-2021.jpg","type":"image\/jpeg"}],"author":"Miguel Matos","twitter_card":"summary_large_image","twitter_creator":"@meinjuvigo","twitter_site":"@meinjuvigo","twitter_misc":{"Escrito por":"Miguel Matos","Tempo estimado de leitura":"5 minutos"},"schema":{"@context":"https:\/\/schema.org","@graph":[{"@type":"Article","@id":"https:\/\/juvigo.pt\/revista\/imprensa\/forte-crescimento-da-juvigo\/#article","isPartOf":{"@id":"https:\/\/juvigo.pt\/revista\/imprensa\/forte-crescimento-da-juvigo\/"},"author":{"name":"Miguel Matos","@id":"https:\/\/juvigo.pt\/revista\/#\/schema\/person\/7b3105d9a47f6dba55895f6533de0416"},"headline":"Balan\u00e7o 2021","datePublished":"2022-01-20T14:03:51+00:00","dateModified":"2023-02-21T16:30:35+00:00","mainEntityOfPage":{"@id":"https:\/\/juvigo.pt\/revista\/imprensa\/forte-crescimento-da-juvigo\/"},"wordCount":970,"commentCount":0,"publisher":{"@id":"https:\/\/juvigo.pt\/revista\/#organization"},"image":{"@id":"https:\/\/juvigo.pt\/revista\/imprensa\/forte-crescimento-da-juvigo\/#primaryimage"},"thumbnailUrl":"https:\/\/juvigo.pt\/revista\/wp-content\/uploads\/2022\/01\/Balanc\u0327o-2021.jpg","articleSection":["Not\u00edcias e comunicados de Imprensa"],"inLanguage":"pt","potentialAction":[{"@type":"CommentAction","name":"Comment","target":["https:\/\/juvigo.pt\/revista\/imprensa\/forte-crescimento-da-juvigo\/#respond"]}]},{"@type":"WebPage","@id":"https:\/\/juvigo.pt\/revista\/imprensa\/forte-crescimento-da-juvigo\/","url":"https:\/\/juvigo.pt\/revista\/imprensa\/forte-crescimento-da-juvigo\/","name":"Balan\u00e7o 2021 - Juvigo Revista","isPartOf":{"@id":"https:\/\/juvigo.pt\/revista\/#website"},"primaryImageOfPage":{"@id":"https:\/\/juvigo.pt\/revista\/imprensa\/forte-crescimento-da-juvigo\/#primaryimage"},"image":{"@id":"https:\/\/juvigo.pt\/revista\/imprensa\/forte-crescimento-da-juvigo\/#primaryimage"},"thumbnailUrl":"https:\/\/juvigo.pt\/revista\/wp-content\/uploads\/2022\/01\/Balanc\u0327o-2021.jpg","datePublished":"2022-01-20T14:03:51+00:00","dateModified":"2023-02-21T16:30:35+00:00","description":"Forte crescimento da Juvigo apesar das restri\u00e7\u00f5es do Coronav\u00edrus. Depois de um ano difi\u00edcil, a Juvigo faz um balan\u00e7o positivo.","breadcrumb":{"@id":"https:\/\/juvigo.pt\/revista\/imprensa\/forte-crescimento-da-juvigo\/#breadcrumb"},"inLanguage":"pt","potentialAction":[{"@type":"ReadAction","target":["https:\/\/juvigo.pt\/revista\/imprensa\/forte-crescimento-da-juvigo\/"]}]},{"@type":"ImageObject","inLanguage":"pt","@id":"https:\/\/juvigo.pt\/revista\/imprensa\/forte-crescimento-da-juvigo\/#primaryimage","url":"https:\/\/juvigo.pt\/revista\/wp-content\/uploads\/2022\/01\/Balanc\u0327o-2021.jpg","contentUrl":"https:\/\/juvigo.pt\/revista\/wp-content\/uploads\/2022\/01\/Balanc\u0327o-2021.jpg","width":1920,"height":787},{"@type":"BreadcrumbList","@id":"https:\/\/juvigo.pt\/revista\/imprensa\/forte-crescimento-da-juvigo\/#breadcrumb","itemListElement":[{"@type":"ListItem","position":1,"name":"Juvigo Revista","item":"https:\/\/juvigo.pt\/revista\/"},{"@type":"ListItem","position":2,"name":"Not\u00edcias e comunicados de Imprensa","item":"https:\/\/juvigo.pt\/revista\/imprensa\/"},{"@type":"ListItem","position":3,"name":"Balan\u00e7o 2021"}]},{"@type":"WebSite","@id":"https:\/\/juvigo.pt\/revista\/#website","url":"https:\/\/juvigo.pt\/revista\/","name":"Juvigo Revista","description":"A revista Juvigo de Campos de f\u00e9rias, Col\u00f3nias de f\u00e9rias e Cursos de L\u00ednguas","publisher":{"@id":"https:\/\/juvigo.pt\/revista\/#organization"},"potentialAction":[{"@type":"SearchAction","target":{"@type":"EntryPoint","urlTemplate":"https:\/\/juvigo.pt\/revista\/?s={search_term_string}"},"query-input":{"@type":"PropertyValueSpecification","valueRequired":true,"valueName":"search_term_string"}}],"inLanguage":"pt"},{"@type":"Organization","@id":"https:\/\/juvigo.pt\/revista\/#organization","name":"Juvigo GmbH","url":"https:\/\/juvigo.pt\/revista\/","logo":{"@type":"ImageObject","inLanguage":"pt","@id":"https:\/\/juvigo.pt\/revista\/#\/schema\/logo\/image\/","url":"https:\/\/juvigo.es\/revista\/wp-content\/uploads\/2022\/02\/magazine_logo_scaled.png","contentUrl":"https:\/\/juvigo.es\/revista\/wp-content\/uploads\/2022\/02\/magazine_logo_scaled.png","width":240,"height":100,"caption":"Juvigo GmbH"},"image":{"@id":"https:\/\/juvigo.pt\/revista\/#\/schema\/logo\/image\/"},"sameAs":["https:\/\/de-de.facebook.com\/meinjuvigo","https:\/\/x.com\/meinjuvigo","http:\/\/instagram.com\/juvigo_de\/"]},{"@type":"Person","@id":"https:\/\/juvigo.pt\/revista\/#\/schema\/person\/7b3105d9a47f6dba55895f6533de0416","name":"Miguel Matos","image":{"@type":"ImageObject","inLanguage":"pt","@id":"https:\/\/juvigo.pt\/revista\/#\/schema\/person\/image\/","url":"https:\/\/juvigo.pt\/revista\/wp-content\/uploads\/2023\/11\/logo_1000x1000-150x150.png","contentUrl":"https:\/\/juvigo.pt\/revista\/wp-content\/uploads\/2023\/11\/logo_1000x1000-150x150.png","caption":"Miguel Matos"},"url":"https:\/\/juvigo.pt\/revista\/author\/miguel-2\/"}]}},"author_meta":{"display_name":"Miguel Matos","author_link":"https:\/\/juvigo.pt\/revista\/author\/miguel-2\/"},"featured_img":"https:\/\/juvigo.pt\/revista\/wp-content\/uploads\/2022\/01\/Balanc\u0327o-2021.jpg","wps_subtitle":"","coauthors":[],"tax_additional":{"categories":{"linked":["<a href=\"https:\/\/juvigo.pt\/revista\/imprensa\/\" class=\"advgb-post-tax-term\">Not\u00edcias e comunicados de Imprensa<\/a>"],"unlinked":["<span class=\"advgb-post-tax-term\">Not\u00edcias e comunicados de Imprensa<\/span>"]}},"comment_count":"0","relative_dates":{"created":"Posted 4 anos ago","modified":"Updated 3 anos ago"},"absolute_dates":{"created":"Posted on 20.01.2022","modified":"Updated on 21.02.2023"},"absolute_dates_time":{"created":"Posted on 20.01.2022 14:03","modified":"Updated on 21.02.2023 16:30"},"featured_img_caption":"","series_order":"","_links":{"self":[{"href":"https:\/\/juvigo.pt\/revista\/wp-json\/wp\/v2\/posts\/8173","targetHints":{"allow":["GET"]}}],"collection":[{"href":"https:\/\/juvigo.pt\/revista\/wp-json\/wp\/v2\/posts"}],"about":[{"href":"https:\/\/juvigo.pt\/revista\/wp-json\/wp\/v2\/types\/post"}],"author":[{"embeddable":true,"href":"https:\/\/juvigo.pt\/revista\/wp-json\/wp\/v2\/users\/18"}],"replies":[{"embeddable":true,"href":"https:\/\/juvigo.pt\/revista\/wp-json\/wp\/v2\/comments?post=8173"}],"version-history":[{"count":16,"href":"https:\/\/juvigo.pt\/revista\/wp-json\/wp\/v2\/posts\/8173\/revisions"}],"predecessor-version":[{"id":8446,"href":"https:\/\/juvigo.pt\/revista\/wp-json\/wp\/v2\/posts\/8173\/revisions\/8446"}],"wp:featuredmedia":[{"embeddable":true,"href":"https:\/\/juvigo.pt\/revista\/wp-json\/wp\/v2\/media\/8583"}],"wp:attachment":[{"href":"https:\/\/juvigo.pt\/revista\/wp-json\/wp\/v2\/media?parent=8173"}],"wp:term":[{"taxonomy":"category","embeddable":true,"href":"https:\/\/juvigo.pt\/revista\/wp-json\/wp\/v2\/categories?post=8173"},{"taxonomy":"post_tag","embeddable":true,"href":"https:\/\/juvigo.pt\/revista\/wp-json\/wp\/v2\/tags?post=8173"},{"taxonomy":"table_tags","embeddable":true,"href":"https:\/\/juvigo.pt\/revista\/wp-json\/wp\/v2\/table_tags?post=8173"}],"curies":[{"name":"wp","href":"https:\/\/api.w.org\/{rel}","templated":true}]}}