{"id":7787,"date":"2022-08-10T15:24:04","date_gmt":"2022-08-10T13:24:04","guid":{"rendered":"https:\/\/juvigo.pt\/revista\/?p=7787"},"modified":"2022-08-16T14:46:30","modified_gmt":"2022-08-16T13:46:30","slug":"o-que-levar-para-um-campo-de-ferias","status":"publish","type":"post","link":"https:\/\/juvigo.pt\/revista\/dicas\/o-que-levar-para-um-campo-de-ferias\/","title":{"rendered":"O que levar para um campo de f\u00e9rias"},"content":{"rendered":"\n<h2 class=\"wp-block-heading\"><strong>Faz a tua mala de viagem com a Juvigo<\/strong><\/h2>\n\n\n\n<p>Come\u00e7\u00e1mos em contagem decrescente para o in\u00edcio das f\u00e9rias e a parte mais divertida precisa de come\u00e7ar a ser planeada. &#8220;O que levar para um <a href=\"http:\/\/juvigo.pt\/campos-de-ferias\">campo de f\u00e9rias<\/a>?&#8221; A pergunta que todos os pais fazem no momento de prepara\u00e7\u00e3o da mala de viagem.\u00a0 A Juvigo preparou especialmente para si uma lista para que possa, juntamente com o seu filho, guiar e levar apenas o essencial para as suas f\u00e9rias.<\/p>\n\n\n\n<p>Aquilo que necessita de levar ir\u00e1 variar consoante o campo de f\u00e9rias que escolha. Por exemplo, se reservou umas f\u00e9rias num <a href=\"http:\/\/juvigo.pt\/campos-de-ferias\/campos-de-ferias-futebol\">campo de f\u00e9rias de Futebol<\/a> ou num <a href=\"http:\/\/juvigo.pt\/campos-de-ferias\/campos-de-ferias-equitacao\">campo de f\u00e9rias de Equita\u00e7\u00e3o<\/a> deve perguntar ao organizador se existe alguma lista do que levar para o campo de f\u00e9rias.\u00a0<\/p>\n\n\n\n<h3 class=\"has-trawell-meta-color has-text-color wp-block-heading\" style=\"font-size:20px\"><strong>Itens importantes que deve levar para o campo de f\u00e9rias<\/strong>:<\/h3>\n\n\n\n<p class=\"has-trawell-txt-color has-text-color\"><img decoding=\"async\" class=\"wp-image-7820 lazyload\" style=\"--smush-placeholder-width: 1920px; --smush-placeholder-aspect-ratio: 1920\/1920;width: 13px;\" data-src=\"https:\/\/juvigo.pt\/revista\/wp-content\/uploads\/2022\/08\/foto-de-quadrado-branco-Imagem-png-para-imprimir-gra\u0301tis-1.png\" alt=\"\" src=\"data:image\/gif;base64,R0lGODlhAQABAAAAACH5BAEKAAEALAAAAAABAAEAAAICTAEAOw==\"> Documentos (cart\u00e3o de cidad\u00e3o, documentos de viagem e n\u00fameros de emerg\u00eancia)<br><img decoding=\"async\" class=\"wp-image-7820 lazyload\" style=\"--smush-placeholder-width: 1920px; --smush-placeholder-aspect-ratio: 1920\/1920;width: 13px;\" data-src=\"https:\/\/juvigo.pt\/revista\/wp-content\/uploads\/2022\/08\/foto-de-quadrado-branco-Imagem-png-para-imprimir-gra\u0301tis-1.png\" alt=\"\" src=\"data:image\/gif;base64,R0lGODlhAQABAAAAACH5BAEKAAEALAAAAAABAAEAAAICTAEAOw==\"> Medicamentos (paracetamol, pensos r\u00e1pidos, repelente para os mosquitos e <em>Voltaren<\/em>)<br><img decoding=\"async\" class=\"wp-image-7820 lazyload\" style=\"--smush-placeholder-width: 1920px; --smush-placeholder-aspect-ratio: 1920\/1920;width: 13px;\" data-src=\"https:\/\/juvigo.pt\/revista\/wp-content\/uploads\/2022\/08\/foto-de-quadrado-branco-Imagem-png-para-imprimir-gra\u0301tis-1.png\" alt=\"\" src=\"data:image\/gif;base64,R0lGODlhAQABAAAAACH5BAEKAAEALAAAAAABAAEAAAICTAEAOw==\"> Garrafa de \u00e1gua \/ Cantil<br><img decoding=\"async\" class=\"wp-image-7820 lazyload\" style=\"--smush-placeholder-width: 1920px; --smush-placeholder-aspect-ratio: 1920\/1920;width: 13px;\" data-src=\"https:\/\/juvigo.pt\/revista\/wp-content\/uploads\/2022\/08\/foto-de-quadrado-branco-Imagem-png-para-imprimir-gra\u0301tis-1.png\" alt=\"\" src=\"data:image\/gif;base64,R0lGODlhAQABAAAAACH5BAEKAAEALAAAAAABAAEAAAICTAEAOw==\"> Mochila pequena<\/p>\n\n\n\n<h3 class=\"has-trawell-meta-color has-text-color wp-block-heading\" style=\"font-size:20px\"><strong>Produtos para a higiene que deve levar para o campo de f\u00e9rias:<\/strong><\/h3>\n\n\n\n<p class=\"has-trawell-txt-color has-text-color\"><img decoding=\"async\" class=\"wp-image-7820 lazyload\" style=\"--smush-placeholder-width: 1920px; --smush-placeholder-aspect-ratio: 1920\/1920;width: 13px;\" data-src=\"https:\/\/juvigo.pt\/revista\/wp-content\/uploads\/2022\/08\/foto-de-quadrado-branco-Imagem-png-para-imprimir-gra\u0301tis-1.png\" alt=\"\" src=\"data:image\/gif;base64,R0lGODlhAQABAAAAACH5BAEKAAEALAAAAAABAAEAAAICTAEAOw==\"> Produtos para higiene pessoal (escova e pasta de dentes, desodorizante, champ\u00f4, gel de banho)<br><img decoding=\"async\" class=\"wp-image-7820 lazyload\" style=\"--smush-placeholder-width: 1920px; --smush-placeholder-aspect-ratio: 1920\/1920;width: 13px;\" data-src=\"https:\/\/juvigo.pt\/revista\/wp-content\/uploads\/2022\/08\/foto-de-quadrado-branco-Imagem-png-para-imprimir-gra\u0301tis-1.png\" alt=\"\" src=\"data:image\/gif;base64,R0lGODlhAQABAAAAACH5BAEKAAEALAAAAAABAAEAAAICTAEAOw==\"> Toalhas de banho<br><img decoding=\"async\" class=\"wp-image-7820 lazyload\" style=\"--smush-placeholder-width: 1920px; --smush-placeholder-aspect-ratio: 1920\/1920;width: 13px;\" data-src=\"https:\/\/juvigo.pt\/revista\/wp-content\/uploads\/2022\/08\/foto-de-quadrado-branco-Imagem-png-para-imprimir-gra\u0301tis-1.png\" alt=\"\" src=\"data:image\/gif;base64,R0lGODlhAQABAAAAACH5BAEKAAEALAAAAAABAAEAAAICTAEAOw==\"> Protetor solar e creme hidratante p\u00f3s-solar<br><img decoding=\"async\" class=\"wp-image-7820 lazyload\" style=\"--smush-placeholder-width: 1920px; --smush-placeholder-aspect-ratio: 1920\/1920;width: 13px;\" data-src=\"https:\/\/juvigo.pt\/revista\/wp-content\/uploads\/2022\/08\/foto-de-quadrado-branco-Imagem-png-para-imprimir-gra\u0301tis-1.png\" alt=\"\" src=\"data:image\/gif;base64,R0lGODlhAQABAAAAACH5BAEKAAEALAAAAAABAAEAAAICTAEAOw==\"> Len\u00e7os de papel<br><img decoding=\"async\" class=\"wp-image-7820 lazyload\" style=\"--smush-placeholder-width: 1920px; --smush-placeholder-aspect-ratio: 1920\/1920;width: 13px;\" data-src=\"https:\/\/juvigo.pt\/revista\/wp-content\/uploads\/2022\/08\/foto-de-quadrado-branco-Imagem-png-para-imprimir-gra\u0301tis-1.png\" alt=\"\" src=\"data:image\/gif;base64,R0lGODlhAQABAAAAACH5BAEKAAEALAAAAAABAAEAAAICTAEAOw==\"> Desinfetante<\/p>\n\n\n\n<h3 class=\"has-trawell-meta-color has-text-color wp-block-heading\" style=\"font-size:20px\"><strong>Vestu\u00e1rio que deve levar para o campo de f\u00e9rias:<\/strong><\/h3>\n\n\n\n<p><img decoding=\"async\" class=\"wp-image-7820 lazyload\" style=\"--smush-placeholder-width: 1920px; --smush-placeholder-aspect-ratio: 1920\/1920;width: 13px;\" data-src=\"https:\/\/juvigo.pt\/revista\/wp-content\/uploads\/2022\/08\/foto-de-quadrado-branco-Imagem-png-para-imprimir-gra\u0301tis-1.png\" alt=\"\" src=\"data:image\/gif;base64,R0lGODlhAQABAAAAACH5BAEKAAEALAAAAAABAAEAAAICTAEAOw==\"> Roupa de Ver\u00e3o confort\u00e1vel<br><img decoding=\"async\" class=\"wp-image-7820 lazyload\" style=\"--smush-placeholder-width: 1920px; --smush-placeholder-aspect-ratio: 1920\/1920;width: 13px;\" data-src=\"https:\/\/juvigo.pt\/revista\/wp-content\/uploads\/2022\/08\/foto-de-quadrado-branco-Imagem-png-para-imprimir-gra\u0301tis-1.png\" alt=\"\" src=\"data:image\/gif;base64,R0lGODlhAQABAAAAACH5BAEKAAEALAAAAAABAAEAAAICTAEAOw==\"> Fato de banho, biqu\u00edni ou cal\u00e7\u00f5es de banho<br><img decoding=\"async\" class=\"wp-image-7820 lazyload\" style=\"--smush-placeholder-width: 1920px; --smush-placeholder-aspect-ratio: 1920\/1920;width: 13px;\" data-src=\"https:\/\/juvigo.pt\/revista\/wp-content\/uploads\/2022\/08\/foto-de-quadrado-branco-Imagem-png-para-imprimir-gra\u0301tis-1.png\" alt=\"\" src=\"data:image\/gif;base64,R0lGODlhAQABAAAAACH5BAEKAAEALAAAAAABAAEAAAICTAEAOw==\"> Roupa de desporto<br><img decoding=\"async\" class=\"wp-image-7820 lazyload\" style=\"--smush-placeholder-width: 1920px; --smush-placeholder-aspect-ratio: 1920\/1920;width: 13px;\" data-src=\"https:\/\/juvigo.pt\/revista\/wp-content\/uploads\/2022\/08\/foto-de-quadrado-branco-Imagem-png-para-imprimir-gra\u0301tis-1.png\" alt=\"\" src=\"data:image\/gif;base64,R0lGODlhAQABAAAAACH5BAEKAAEALAAAAAABAAEAAAICTAEAOw==\"> Meias<br><img decoding=\"async\" class=\"wp-image-7820 lazyload\" style=\"--smush-placeholder-width: 1920px; --smush-placeholder-aspect-ratio: 1920\/1920;width: 13px;\" data-src=\"https:\/\/juvigo.pt\/revista\/wp-content\/uploads\/2022\/08\/foto-de-quadrado-branco-Imagem-png-para-imprimir-gra\u0301tis-1.png\" alt=\"\" src=\"data:image\/gif;base64,R0lGODlhAQABAAAAACH5BAEKAAEALAAAAAABAAEAAAICTAEAOw==\"> Roupa interior<br><img decoding=\"async\" class=\"wp-image-7820 lazyload\" style=\"--smush-placeholder-width: 1920px; --smush-placeholder-aspect-ratio: 1920\/1920;width: 13px;\" data-src=\"https:\/\/juvigo.pt\/revista\/wp-content\/uploads\/2022\/08\/foto-de-quadrado-branco-Imagem-png-para-imprimir-gra\u0301tis-1.png\" alt=\"\" src=\"data:image\/gif;base64,R0lGODlhAQABAAAAACH5BAEKAAEALAAAAAABAAEAAAICTAEAOw==\"> Pijama<br><img decoding=\"async\" class=\"wp-image-7820 lazyload\" style=\"--smush-placeholder-width: 1920px; --smush-placeholder-aspect-ratio: 1920\/1920;width: 13px;\" data-src=\"https:\/\/juvigo.pt\/revista\/wp-content\/uploads\/2022\/08\/foto-de-quadrado-branco-Imagem-png-para-imprimir-gra\u0301tis-1.png\" alt=\"\" src=\"data:image\/gif;base64,R0lGODlhAQABAAAAACH5BAEKAAEALAAAAAABAAEAAAICTAEAOw==\"> Roupa quente<br><img decoding=\"async\" class=\"wp-image-7820 lazyload\" style=\"--smush-placeholder-width: 1920px; --smush-placeholder-aspect-ratio: 1920\/1920;width: 13px;\" data-src=\"https:\/\/juvigo.pt\/revista\/wp-content\/uploads\/2022\/08\/foto-de-quadrado-branco-Imagem-png-para-imprimir-gra\u0301tis-1.png\" alt=\"\" src=\"data:image\/gif;base64,R0lGODlhAQABAAAAACH5BAEKAAEALAAAAAABAAEAAAICTAEAOw==\"> Toalha de praia<br><img decoding=\"async\" class=\"wp-image-7820 lazyload\" style=\"--smush-placeholder-width: 1920px; --smush-placeholder-aspect-ratio: 1920\/1920;width: 13px;\" data-src=\"https:\/\/juvigo.pt\/revista\/wp-content\/uploads\/2022\/08\/foto-de-quadrado-branco-Imagem-png-para-imprimir-gra\u0301tis-1.png\" alt=\"\" src=\"data:image\/gif;base64,R0lGODlhAQABAAAAACH5BAEKAAEALAAAAAABAAEAAAICTAEAOw==\"> Chinelos de praia<br><img decoding=\"async\" class=\"wp-image-7820 lazyload\" style=\"--smush-placeholder-width: 1920px; --smush-placeholder-aspect-ratio: 1920\/1920;width: 13px;\" data-src=\"https:\/\/juvigo.pt\/revista\/wp-content\/uploads\/2022\/08\/foto-de-quadrado-branco-Imagem-png-para-imprimir-gra\u0301tis-1.png\" alt=\"\" src=\"data:image\/gif;base64,R0lGODlhAQABAAAAACH5BAEKAAEALAAAAAABAAEAAAICTAEAOw==\"> Sapatos confort\u00e1veis e desportivos<br><img decoding=\"async\" class=\"wp-image-7820 lazyload\" style=\"--smush-placeholder-width: 1920px; --smush-placeholder-aspect-ratio: 1920\/1920;width: 13px;\" data-src=\"https:\/\/juvigo.pt\/revista\/wp-content\/uploads\/2022\/08\/foto-de-quadrado-branco-Imagem-png-para-imprimir-gra\u0301tis-1.png\" alt=\"\" src=\"data:image\/gif;base64,R0lGODlhAQABAAAAACH5BAEKAAEALAAAAAABAAEAAAICTAEAOw==\"> Chap\u00e9u ou bon\u00e9<\/p>\n\n\n\n<h3 class=\"has-trawell-meta-color has-text-color wp-block-heading\" style=\"font-size:20px\"><strong>Para as noites deve levar para o campo de f\u00e9rias:<\/strong><\/h3>\n\n\n\n<p><img decoding=\"async\" class=\"wp-image-7820 lazyload\" style=\"--smush-placeholder-width: 1920px; --smush-placeholder-aspect-ratio: 1920\/1920;width: 13px;\" data-src=\"https:\/\/juvigo.pt\/revista\/wp-content\/uploads\/2022\/08\/foto-de-quadrado-branco-Imagem-png-para-imprimir-gra\u0301tis-1.png\" alt=\"\" src=\"data:image\/gif;base64,R0lGODlhAQABAAAAACH5BAEKAAEALAAAAAABAAEAAAICTAEAOw==\"> Lanterna<br><img decoding=\"async\" class=\"wp-image-7820 lazyload\" style=\"--smush-placeholder-width: 1920px; --smush-placeholder-aspect-ratio: 1920\/1920;width: 13px;\" data-src=\"https:\/\/juvigo.pt\/revista\/wp-content\/uploads\/2022\/08\/foto-de-quadrado-branco-Imagem-png-para-imprimir-gra\u0301tis-1.png\" alt=\"\" src=\"data:image\/gif;base64,R0lGODlhAQABAAAAACH5BAEKAAEALAAAAAABAAEAAAICTAEAOw==\"> Saco de cama<\/p>\n\n\n\n<h3 class=\"has-trawell-meta-color has-text-color wp-block-heading\" style=\"font-size:20px\"><strong>Se viajar para outro pa\u00eds deve colocar na mala de viagem outros itens:<\/strong><\/h3>\n\n\n\n<p><img decoding=\"async\" class=\"wp-image-7820 lazyload\" style=\"--smush-placeholder-width: 1920px; --smush-placeholder-aspect-ratio: 1920\/1920;width: 13px;\" data-src=\"https:\/\/juvigo.pt\/revista\/wp-content\/uploads\/2022\/08\/foto-de-quadrado-branco-Imagem-png-para-imprimir-gra\u0301tis-1.png\" alt=\"\" src=\"data:image\/gif;base64,R0lGODlhAQABAAAAACH5BAEKAAEALAAAAAABAAEAAAICTAEAOw==\"> Livro<br><img decoding=\"async\" class=\"wp-image-7820 lazyload\" style=\"--smush-placeholder-width: 1920px; --smush-placeholder-aspect-ratio: 1920\/1920;width: 13px;\" data-src=\"https:\/\/juvigo.pt\/revista\/wp-content\/uploads\/2022\/08\/foto-de-quadrado-branco-Imagem-png-para-imprimir-gra\u0301tis-1.png\" alt=\"\" src=\"data:image\/gif;base64,R0lGODlhAQABAAAAACH5BAEKAAEALAAAAAABAAEAAAICTAEAOw==\"> Almofada para o pesco\u00e7o<br><img decoding=\"async\" class=\"wp-image-7820 lazyload\" style=\"--smush-placeholder-width: 1920px; --smush-placeholder-aspect-ratio: 1920\/1920;width: 13px;\" data-src=\"https:\/\/juvigo.pt\/revista\/wp-content\/uploads\/2022\/08\/foto-de-quadrado-branco-Imagem-png-para-imprimir-gra\u0301tis-1.png\" alt=\"\" src=\"data:image\/gif;base64,R0lGODlhAQABAAAAACH5BAEKAAEALAAAAAABAAEAAAICTAEAOw==\"> Fones<br><img decoding=\"async\" class=\"wp-image-7820 lazyload\" style=\"--smush-placeholder-width: 1920px; --smush-placeholder-aspect-ratio: 1920\/1920;width: 13px;\" data-src=\"https:\/\/juvigo.pt\/revista\/wp-content\/uploads\/2022\/08\/foto-de-quadrado-branco-Imagem-png-para-imprimir-gra\u0301tis-1.png\" alt=\"\" src=\"data:image\/gif;base64,R0lGODlhAQABAAAAACH5BAEKAAEALAAAAAABAAEAAAICTAEAOw==\"> Carregador de telem\u00f3vel<br><img decoding=\"async\" class=\"wp-image-7820 lazyload\" style=\"--smush-placeholder-width: 1920px; --smush-placeholder-aspect-ratio: 1920\/1920;width: 13px;\" data-src=\"https:\/\/juvigo.pt\/revista\/wp-content\/uploads\/2022\/08\/foto-de-quadrado-branco-Imagem-png-para-imprimir-gra\u0301tis-1.png\" alt=\"\" src=\"data:image\/gif;base64,R0lGODlhAQABAAAAACH5BAEKAAEALAAAAAABAAEAAAICTAEAOw==\"> Boa playlist de m\u00fasica para ouvires durante a viagem<\/p>\n\n\n\n<p>Sem d\u00favida que o mais importante e o que todos devem trazer na mala \u00e9 vontade e muita boa disposi\u00e7\u00e3o para ter umas f\u00e9rias inesquec\u00edveis.<\/p>\n\n\n\n<figure class=\"wp-block-image size-full\"><img decoding=\"async\" width=\"1920\" height=\"1440\" data-src=\"https:\/\/juvigo.pt\/revista\/wp-content\/uploads\/2022\/08\/campo-de-ferias-do-cadaval-uniao-1.jpeg\" alt=\"\" class=\"wp-image-8124 lazyload\" src=\"data:image\/gif;base64,R0lGODlhAQABAAAAACH5BAEKAAEALAAAAAABAAEAAAICTAEAOw==\" style=\"--smush-placeholder-width: 1920px; --smush-placeholder-aspect-ratio: 1920\/1440;\" \/><\/figure>\n\n\n\n<p>Uma dica importante, para que o participante saiba quais s\u00e3o os seus pertences e como estes est\u00e3o organizados na sua mala, o participante deve ser inclu\u00eddo no momento de prepara\u00e7\u00e3o da mesma, para que possa encontrar as coisas com mais facilidade. Isso vai ajud\u00e1-lo a crescer e a ganhar maturidade, assim como a ter responsabilidade pelos seus pertences.<\/p>\n\n\n\n<p>Portanto, com esta lista do que levar para uma <a href=\"http:\/\/juvigo.pt\/colonias-de-ferias\">col\u00f3nia de f\u00e9rias<\/a> estar\u00e1 perfeitamente preparado para as melhores f\u00e9rias! Se tiver alguma d\u00favida, pode sempre contactar o nosso Servi\u00e7o de Apoio ao Cliente que ter\u00e1 todo o gosto em ajudar. Liga para o 210 204 945 (de segunda a sexta-feira, das 9h \u00e0s 18h) ou envia um e-mail para contacto@juvigo.pt.<\/p>\n","protected":false},"excerpt":{"rendered":"<p>Faz a tua mala de viagem com a Juvigo Come\u00e7\u00e1mos em contagem decrescente para o in\u00edcio das f\u00e9rias e a parte mais divertida precisa de come\u00e7ar a ser planeada. &#8220;O que levar para um campo de f\u00e9rias?&#8221; A pergunta que todos os pais fazem no momento de prepara\u00e7\u00e3o da mala de viagem.\u00a0 A Juvigo preparou [&hellip;]<\/p>\n","protected":false},"author":18,"featured_media":7959,"comment_status":"open","ping_status":"closed","sticky":false,"template":"","format":"standard","meta":{"advgb_blocks_editor_width":"","advgb_blocks_columns_visual_guide":"","footnotes":"","_links_to":"","_links_to_target":""},"categories":[2,37,21],"tags":[],"table_tags":[],"class_list":["post-7787","post","type-post","status-publish","format-standard","has-post-thumbnail","hentry","category-dicas","category-dicas-e-truques","category-informacao-para-os-pais"],"yoast_head":"<!-- This site is optimized with the Yoast SEO plugin v24.8.1 - https:\/\/yoast.com\/wordpress\/plugins\/seo\/ -->\n<title>O que levar para um campo de f\u00e9rias - Juvigo Revista<\/title>\n<meta name=\"description\" content=\"Preparar a mala de viagem nem sempre \u00e9 f\u00e1cil. Chegaste ao s\u00edtio certo, aqui vamos indicar-te o que levar para um campo de f\u00e9rias.\" \/>\n<meta name=\"robots\" content=\"index, follow, max-snippet:-1, max-image-preview:large, max-video-preview:-1\" \/>\n<link rel=\"canonical\" href=\"https:\/\/juvigo.pt\/revista\/dicas\/o-que-levar-para-um-campo-de-ferias\/\" \/>\n<meta property=\"og:locale\" content=\"pt_PT\" \/>\n<meta property=\"og:type\" content=\"article\" \/>\n<meta property=\"og:title\" content=\"O que levar para um campo de f\u00e9rias - Juvigo Revista\" \/>\n<meta property=\"og:description\" content=\"Preparar a mala de viagem nem sempre \u00e9 f\u00e1cil. Chegaste ao s\u00edtio certo, aqui vamos indicar-te o que levar para um campo de f\u00e9rias.\" \/>\n<meta property=\"og:url\" content=\"https:\/\/juvigo.pt\/revista\/dicas\/o-que-levar-para-um-campo-de-ferias\/\" \/>\n<meta property=\"og:site_name\" content=\"Juvigo Revista\" \/>\n<meta property=\"article:publisher\" content=\"https:\/\/de-de.facebook.com\/meinjuvigo\" \/>\n<meta property=\"article:published_time\" content=\"2022-08-10T13:24:04+00:00\" \/>\n<meta property=\"article:modified_time\" content=\"2022-08-16T13:46:30+00:00\" \/>\n<meta property=\"og:image\" content=\"https:\/\/juvigo.pt\/revista\/wp-content\/uploads\/2022\/08\/campo-de-ferias-do-cadaval-bussola.jpeg\" \/>\n\t<meta property=\"og:image:width\" content=\"1920\" \/>\n\t<meta property=\"og:image:height\" content=\"1279\" \/>\n\t<meta property=\"og:image:type\" content=\"image\/jpeg\" \/>\n<meta name=\"author\" content=\"Miguel Matos\" \/>\n<meta name=\"twitter:card\" content=\"summary_large_image\" \/>\n<meta name=\"twitter:creator\" content=\"@meinjuvigo\" \/>\n<meta name=\"twitter:site\" content=\"@meinjuvigo\" \/>\n<meta name=\"twitter:label1\" content=\"Escrito por\" \/>\n\t<meta name=\"twitter:data1\" content=\"Miguel Matos\" \/>\n\t<meta name=\"twitter:label2\" content=\"Tempo estimado de leitura\" \/>\n\t<meta name=\"twitter:data2\" content=\"8 minutos\" \/>\n<script type=\"application\/ld+json\" class=\"yoast-schema-graph\">{\"@context\":\"https:\/\/schema.org\",\"@graph\":[{\"@type\":\"Article\",\"@id\":\"https:\/\/juvigo.pt\/revista\/dicas\/o-que-levar-para-um-campo-de-ferias\/#article\",\"isPartOf\":{\"@id\":\"https:\/\/juvigo.pt\/revista\/dicas\/o-que-levar-para-um-campo-de-ferias\/\"},\"author\":{\"name\":\"Miguel Matos\",\"@id\":\"https:\/\/juvigo.pt\/revista\/#\/schema\/person\/7b3105d9a47f6dba55895f6533de0416\"},\"headline\":\"O que levar para um campo de f\u00e9rias\",\"datePublished\":\"2022-08-10T13:24:04+00:00\",\"dateModified\":\"2022-08-16T13:46:30+00:00\",\"mainEntityOfPage\":{\"@id\":\"https:\/\/juvigo.pt\/revista\/dicas\/o-que-levar-para-um-campo-de-ferias\/\"},\"wordCount\":490,\"commentCount\":0,\"publisher\":{\"@id\":\"https:\/\/juvigo.pt\/revista\/#organization\"},\"image\":{\"@id\":\"https:\/\/juvigo.pt\/revista\/dicas\/o-que-levar-para-um-campo-de-ferias\/#primaryimage\"},\"thumbnailUrl\":\"https:\/\/juvigo.pt\/revista\/wp-content\/uploads\/2022\/08\/campo-de-ferias-do-cadaval-bussola.jpeg\",\"articleSection\":[\"Dicas\",\"Dicas e truques\",\"Informa\u00e7\u00e3o para os pais\"],\"inLanguage\":\"pt\",\"potentialAction\":[{\"@type\":\"CommentAction\",\"name\":\"Comment\",\"target\":[\"https:\/\/juvigo.pt\/revista\/dicas\/o-que-levar-para-um-campo-de-ferias\/#respond\"]}]},{\"@type\":\"WebPage\",\"@id\":\"https:\/\/juvigo.pt\/revista\/dicas\/o-que-levar-para-um-campo-de-ferias\/\",\"url\":\"https:\/\/juvigo.pt\/revista\/dicas\/o-que-levar-para-um-campo-de-ferias\/\",\"name\":\"O que levar para um campo de f\u00e9rias - Juvigo Revista\",\"isPartOf\":{\"@id\":\"https:\/\/juvigo.pt\/revista\/#website\"},\"primaryImageOfPage\":{\"@id\":\"https:\/\/juvigo.pt\/revista\/dicas\/o-que-levar-para-um-campo-de-ferias\/#primaryimage\"},\"image\":{\"@id\":\"https:\/\/juvigo.pt\/revista\/dicas\/o-que-levar-para-um-campo-de-ferias\/#primaryimage\"},\"thumbnailUrl\":\"https:\/\/juvigo.pt\/revista\/wp-content\/uploads\/2022\/08\/campo-de-ferias-do-cadaval-bussola.jpeg\",\"datePublished\":\"2022-08-10T13:24:04+00:00\",\"dateModified\":\"2022-08-16T13:46:30+00:00\",\"description\":\"Preparar a mala de viagem nem sempre \u00e9 f\u00e1cil. Chegaste ao s\u00edtio certo, aqui vamos indicar-te o que levar para um campo de f\u00e9rias.\",\"breadcrumb\":{\"@id\":\"https:\/\/juvigo.pt\/revista\/dicas\/o-que-levar-para-um-campo-de-ferias\/#breadcrumb\"},\"inLanguage\":\"pt\",\"potentialAction\":[{\"@type\":\"ReadAction\",\"target\":[\"https:\/\/juvigo.pt\/revista\/dicas\/o-que-levar-para-um-campo-de-ferias\/\"]}]},{\"@type\":\"ImageObject\",\"inLanguage\":\"pt\",\"@id\":\"https:\/\/juvigo.pt\/revista\/dicas\/o-que-levar-para-um-campo-de-ferias\/#primaryimage\",\"url\":\"https:\/\/juvigo.pt\/revista\/wp-content\/uploads\/2022\/08\/campo-de-ferias-do-cadaval-bussola.jpeg\",\"contentUrl\":\"https:\/\/juvigo.pt\/revista\/wp-content\/uploads\/2022\/08\/campo-de-ferias-do-cadaval-bussola.jpeg\",\"width\":1920,\"height\":1279},{\"@type\":\"BreadcrumbList\",\"@id\":\"https:\/\/juvigo.pt\/revista\/dicas\/o-que-levar-para-um-campo-de-ferias\/#breadcrumb\",\"itemListElement\":[{\"@type\":\"ListItem\",\"position\":1,\"name\":\"Juvigo Revista\",\"item\":\"https:\/\/juvigo.pt\/revista\/\"},{\"@type\":\"ListItem\",\"position\":2,\"name\":\"Dicas\",\"item\":\"https:\/\/juvigo.pt\/revista\/dicas\/\"},{\"@type\":\"ListItem\",\"position\":3,\"name\":\"O que levar para um campo de f\u00e9rias\"}]},{\"@type\":\"WebSite\",\"@id\":\"https:\/\/juvigo.pt\/revista\/#website\",\"url\":\"https:\/\/juvigo.pt\/revista\/\",\"name\":\"Juvigo Revista\",\"description\":\"A revista Juvigo de Campos de f\u00e9rias, Col\u00f3nias de f\u00e9rias e Cursos de L\u00ednguas\",\"publisher\":{\"@id\":\"https:\/\/juvigo.pt\/revista\/#organization\"},\"potentialAction\":[{\"@type\":\"SearchAction\",\"target\":{\"@type\":\"EntryPoint\",\"urlTemplate\":\"https:\/\/juvigo.pt\/revista\/?s={search_term_string}\"},\"query-input\":{\"@type\":\"PropertyValueSpecification\",\"valueRequired\":true,\"valueName\":\"search_term_string\"}}],\"inLanguage\":\"pt\"},{\"@type\":\"Organization\",\"@id\":\"https:\/\/juvigo.pt\/revista\/#organization\",\"name\":\"Juvigo GmbH\",\"url\":\"https:\/\/juvigo.pt\/revista\/\",\"logo\":{\"@type\":\"ImageObject\",\"inLanguage\":\"pt\",\"@id\":\"https:\/\/juvigo.pt\/revista\/#\/schema\/logo\/image\/\",\"url\":\"https:\/\/juvigo.es\/revista\/wp-content\/uploads\/2022\/02\/magazine_logo_scaled.png\",\"contentUrl\":\"https:\/\/juvigo.es\/revista\/wp-content\/uploads\/2022\/02\/magazine_logo_scaled.png\",\"width\":240,\"height\":100,\"caption\":\"Juvigo GmbH\"},\"image\":{\"@id\":\"https:\/\/juvigo.pt\/revista\/#\/schema\/logo\/image\/\"},\"sameAs\":[\"https:\/\/de-de.facebook.com\/meinjuvigo\",\"https:\/\/x.com\/meinjuvigo\",\"http:\/\/instagram.com\/juvigo_de\/\"]},{\"@type\":\"Person\",\"@id\":\"https:\/\/juvigo.pt\/revista\/#\/schema\/person\/7b3105d9a47f6dba55895f6533de0416\",\"name\":\"Miguel Matos\",\"image\":{\"@type\":\"ImageObject\",\"inLanguage\":\"pt\",\"@id\":\"https:\/\/juvigo.pt\/revista\/#\/schema\/person\/image\/\",\"url\":\"https:\/\/juvigo.pt\/revista\/wp-content\/uploads\/2023\/11\/logo_1000x1000-150x150.png\",\"contentUrl\":\"https:\/\/juvigo.pt\/revista\/wp-content\/uploads\/2023\/11\/logo_1000x1000-150x150.png\",\"caption\":\"Miguel Matos\"},\"url\":\"https:\/\/juvigo.pt\/revista\/author\/miguel-2\/\"}]}<\/script>\n<!-- \/ Yoast SEO plugin. -->","yoast_head_json":{"title":"O que levar para um campo de f\u00e9rias - Juvigo Revista","description":"Preparar a mala de viagem nem sempre \u00e9 f\u00e1cil. Chegaste ao s\u00edtio certo, aqui vamos indicar-te o que levar para um campo de f\u00e9rias.","robots":{"index":"index","follow":"follow","max-snippet":"max-snippet:-1","max-image-preview":"max-image-preview:large","max-video-preview":"max-video-preview:-1"},"canonical":"https:\/\/juvigo.pt\/revista\/dicas\/o-que-levar-para-um-campo-de-ferias\/","og_locale":"pt_PT","og_type":"article","og_title":"O que levar para um campo de f\u00e9rias - Juvigo Revista","og_description":"Preparar a mala de viagem nem sempre \u00e9 f\u00e1cil. Chegaste ao s\u00edtio certo, aqui vamos indicar-te o que levar para um campo de f\u00e9rias.","og_url":"https:\/\/juvigo.pt\/revista\/dicas\/o-que-levar-para-um-campo-de-ferias\/","og_site_name":"Juvigo Revista","article_publisher":"https:\/\/de-de.facebook.com\/meinjuvigo","article_published_time":"2022-08-10T13:24:04+00:00","article_modified_time":"2022-08-16T13:46:30+00:00","og_image":[{"width":1920,"height":1279,"url":"https:\/\/juvigo.pt\/revista\/wp-content\/uploads\/2022\/08\/campo-de-ferias-do-cadaval-bussola.jpeg","type":"image\/jpeg"}],"author":"Miguel Matos","twitter_card":"summary_large_image","twitter_creator":"@meinjuvigo","twitter_site":"@meinjuvigo","twitter_misc":{"Escrito por":"Miguel Matos","Tempo estimado de leitura":"8 minutos"},"schema":{"@context":"https:\/\/schema.org","@graph":[{"@type":"Article","@id":"https:\/\/juvigo.pt\/revista\/dicas\/o-que-levar-para-um-campo-de-ferias\/#article","isPartOf":{"@id":"https:\/\/juvigo.pt\/revista\/dicas\/o-que-levar-para-um-campo-de-ferias\/"},"author":{"name":"Miguel Matos","@id":"https:\/\/juvigo.pt\/revista\/#\/schema\/person\/7b3105d9a47f6dba55895f6533de0416"},"headline":"O que levar para um campo de f\u00e9rias","datePublished":"2022-08-10T13:24:04+00:00","dateModified":"2022-08-16T13:46:30+00:00","mainEntityOfPage":{"@id":"https:\/\/juvigo.pt\/revista\/dicas\/o-que-levar-para-um-campo-de-ferias\/"},"wordCount":490,"commentCount":0,"publisher":{"@id":"https:\/\/juvigo.pt\/revista\/#organization"},"image":{"@id":"https:\/\/juvigo.pt\/revista\/dicas\/o-que-levar-para-um-campo-de-ferias\/#primaryimage"},"thumbnailUrl":"https:\/\/juvigo.pt\/revista\/wp-content\/uploads\/2022\/08\/campo-de-ferias-do-cadaval-bussola.jpeg","articleSection":["Dicas","Dicas e truques","Informa\u00e7\u00e3o para os pais"],"inLanguage":"pt","potentialAction":[{"@type":"CommentAction","name":"Comment","target":["https:\/\/juvigo.pt\/revista\/dicas\/o-que-levar-para-um-campo-de-ferias\/#respond"]}]},{"@type":"WebPage","@id":"https:\/\/juvigo.pt\/revista\/dicas\/o-que-levar-para-um-campo-de-ferias\/","url":"https:\/\/juvigo.pt\/revista\/dicas\/o-que-levar-para-um-campo-de-ferias\/","name":"O que levar para um campo de f\u00e9rias - Juvigo Revista","isPartOf":{"@id":"https:\/\/juvigo.pt\/revista\/#website"},"primaryImageOfPage":{"@id":"https:\/\/juvigo.pt\/revista\/dicas\/o-que-levar-para-um-campo-de-ferias\/#primaryimage"},"image":{"@id":"https:\/\/juvigo.pt\/revista\/dicas\/o-que-levar-para-um-campo-de-ferias\/#primaryimage"},"thumbnailUrl":"https:\/\/juvigo.pt\/revista\/wp-content\/uploads\/2022\/08\/campo-de-ferias-do-cadaval-bussola.jpeg","datePublished":"2022-08-10T13:24:04+00:00","dateModified":"2022-08-16T13:46:30+00:00","description":"Preparar a mala de viagem nem sempre \u00e9 f\u00e1cil. Chegaste ao s\u00edtio certo, aqui vamos indicar-te o que levar para um campo de f\u00e9rias.","breadcrumb":{"@id":"https:\/\/juvigo.pt\/revista\/dicas\/o-que-levar-para-um-campo-de-ferias\/#breadcrumb"},"inLanguage":"pt","potentialAction":[{"@type":"ReadAction","target":["https:\/\/juvigo.pt\/revista\/dicas\/o-que-levar-para-um-campo-de-ferias\/"]}]},{"@type":"ImageObject","inLanguage":"pt","@id":"https:\/\/juvigo.pt\/revista\/dicas\/o-que-levar-para-um-campo-de-ferias\/#primaryimage","url":"https:\/\/juvigo.pt\/revista\/wp-content\/uploads\/2022\/08\/campo-de-ferias-do-cadaval-bussola.jpeg","contentUrl":"https:\/\/juvigo.pt\/revista\/wp-content\/uploads\/2022\/08\/campo-de-ferias-do-cadaval-bussola.jpeg","width":1920,"height":1279},{"@type":"BreadcrumbList","@id":"https:\/\/juvigo.pt\/revista\/dicas\/o-que-levar-para-um-campo-de-ferias\/#breadcrumb","itemListElement":[{"@type":"ListItem","position":1,"name":"Juvigo Revista","item":"https:\/\/juvigo.pt\/revista\/"},{"@type":"ListItem","position":2,"name":"Dicas","item":"https:\/\/juvigo.pt\/revista\/dicas\/"},{"@type":"ListItem","position":3,"name":"O que levar para um campo de f\u00e9rias"}]},{"@type":"WebSite","@id":"https:\/\/juvigo.pt\/revista\/#website","url":"https:\/\/juvigo.pt\/revista\/","name":"Juvigo Revista","description":"A revista Juvigo de Campos de f\u00e9rias, Col\u00f3nias de f\u00e9rias e Cursos de L\u00ednguas","publisher":{"@id":"https:\/\/juvigo.pt\/revista\/#organization"},"potentialAction":[{"@type":"SearchAction","target":{"@type":"EntryPoint","urlTemplate":"https:\/\/juvigo.pt\/revista\/?s={search_term_string}"},"query-input":{"@type":"PropertyValueSpecification","valueRequired":true,"valueName":"search_term_string"}}],"inLanguage":"pt"},{"@type":"Organization","@id":"https:\/\/juvigo.pt\/revista\/#organization","name":"Juvigo GmbH","url":"https:\/\/juvigo.pt\/revista\/","logo":{"@type":"ImageObject","inLanguage":"pt","@id":"https:\/\/juvigo.pt\/revista\/#\/schema\/logo\/image\/","url":"https:\/\/juvigo.es\/revista\/wp-content\/uploads\/2022\/02\/magazine_logo_scaled.png","contentUrl":"https:\/\/juvigo.es\/revista\/wp-content\/uploads\/2022\/02\/magazine_logo_scaled.png","width":240,"height":100,"caption":"Juvigo GmbH"},"image":{"@id":"https:\/\/juvigo.pt\/revista\/#\/schema\/logo\/image\/"},"sameAs":["https:\/\/de-de.facebook.com\/meinjuvigo","https:\/\/x.com\/meinjuvigo","http:\/\/instagram.com\/juvigo_de\/"]},{"@type":"Person","@id":"https:\/\/juvigo.pt\/revista\/#\/schema\/person\/7b3105d9a47f6dba55895f6533de0416","name":"Miguel Matos","image":{"@type":"ImageObject","inLanguage":"pt","@id":"https:\/\/juvigo.pt\/revista\/#\/schema\/person\/image\/","url":"https:\/\/juvigo.pt\/revista\/wp-content\/uploads\/2023\/11\/logo_1000x1000-150x150.png","contentUrl":"https:\/\/juvigo.pt\/revista\/wp-content\/uploads\/2023\/11\/logo_1000x1000-150x150.png","caption":"Miguel Matos"},"url":"https:\/\/juvigo.pt\/revista\/author\/miguel-2\/"}]}},"author_meta":{"display_name":"Miguel Matos","author_link":"https:\/\/juvigo.pt\/revista\/author\/miguel-2\/"},"featured_img":"https:\/\/juvigo.pt\/revista\/wp-content\/uploads\/2022\/08\/campo-de-ferias-do-cadaval-bussola.jpeg","wps_subtitle":"","coauthors":[],"tax_additional":{"categories":{"linked":["<a href=\"https:\/\/juvigo.pt\/revista\/dicas\/\" class=\"advgb-post-tax-term\">Dicas<\/a>","<a href=\"https:\/\/juvigo.pt\/revista\/dicas\/dicas-e-truques\/\" class=\"advgb-post-tax-term\">Dicas e truques<\/a>","<a href=\"https:\/\/juvigo.pt\/revista\/dicas\/informacao-para-os-pais\/\" class=\"advgb-post-tax-term\">Informa\u00e7\u00e3o para os pais<\/a>"],"unlinked":["<span class=\"advgb-post-tax-term\">Dicas<\/span>","<span class=\"advgb-post-tax-term\">Dicas e truques<\/span>","<span class=\"advgb-post-tax-term\">Informa\u00e7\u00e3o para os pais<\/span>"]}},"comment_count":"0","relative_dates":{"created":"Posted 4 anos ago","modified":"Updated 4 anos ago"},"absolute_dates":{"created":"Posted on 10.08.2022","modified":"Updated on 16.08.2022"},"absolute_dates_time":{"created":"Posted on 10.08.2022 15:24","modified":"Updated on 16.08.2022 14:46"},"featured_img_caption":"","series_order":"","_links":{"self":[{"href":"https:\/\/juvigo.pt\/revista\/wp-json\/wp\/v2\/posts\/7787","targetHints":{"allow":["GET"]}}],"collection":[{"href":"https:\/\/juvigo.pt\/revista\/wp-json\/wp\/v2\/posts"}],"about":[{"href":"https:\/\/juvigo.pt\/revista\/wp-json\/wp\/v2\/types\/post"}],"author":[{"embeddable":true,"href":"https:\/\/juvigo.pt\/revista\/wp-json\/wp\/v2\/users\/18"}],"replies":[{"embeddable":true,"href":"https:\/\/juvigo.pt\/revista\/wp-json\/wp\/v2\/comments?post=7787"}],"version-history":[{"count":29,"href":"https:\/\/juvigo.pt\/revista\/wp-json\/wp\/v2\/posts\/7787\/revisions"}],"predecessor-version":[{"id":8198,"href":"https:\/\/juvigo.pt\/revista\/wp-json\/wp\/v2\/posts\/7787\/revisions\/8198"}],"wp:featuredmedia":[{"embeddable":true,"href":"https:\/\/juvigo.pt\/revista\/wp-json\/wp\/v2\/media\/7959"}],"wp:attachment":[{"href":"https:\/\/juvigo.pt\/revista\/wp-json\/wp\/v2\/media?parent=7787"}],"wp:term":[{"taxonomy":"category","embeddable":true,"href":"https:\/\/juvigo.pt\/revista\/wp-json\/wp\/v2\/categories?post=7787"},{"taxonomy":"post_tag","embeddable":true,"href":"https:\/\/juvigo.pt\/revista\/wp-json\/wp\/v2\/tags?post=7787"},{"taxonomy":"table_tags","embeddable":true,"href":"https:\/\/juvigo.pt\/revista\/wp-json\/wp\/v2\/table_tags?post=7787"}],"curies":[{"name":"wp","href":"https:\/\/api.w.org\/{rel}","templated":true}]}}